{"Person":[{"@pid":"Person626563","PersonName":{"PersonNameFirstName":"Lambert Joseph","PersonNameLastName":"Dekoninck"},"Gender":"Man","Residence":{"Place":"Saint-Josse-ten-Node"},"BirthDate":{"Year":"1831","Month":"8","Day":"25"},"BirthPlace":{"Country":"Belgi\u00eb","Place":"Leuven"},"Profession":"coiffeur","PersonRemark":{"@Key":"Opmerking","Value":"Domicili\u00e9 de droit \u00e0 Saint Josse ten Noode et de fait \u00e0 Bruxelles."}},{"@pid":"Person1828423","PersonName":{"PersonNameFirstName":"Jeanne Clementine","PersonNameLastName":"Vanden Brande"},"Gender":"Vrouw","Residence":{"Place":"Bruxelles"},"BirthDate":{"Year":"1840","Month":"3","Day":"7"},"BirthPlace":{"Country":"Belgi\u00eb","Place":"Molenbeek-Saint-Jean"},"Profession":"ling\u00e8re"},{"@pid":"Person3349643","PersonName":{"PersonNameFirstName":"Eug\u00e8ne Jean Joseph","PersonNameLastName":"Dekoninck"},"Gender":"Man"},{"@pid":"Person4551503","PersonName":{"PersonNameFirstName":"Marie Rose","PersonNameLastName":"De Lamotte"},"Gender":"Vrouw","Residence":{"Place":"Bruxelles"},"Profession":"journali\u00e8re"},{"@pid":"Person5753363","PersonName":{"PersonNameFirstName":"Guillaume","PersonNameLastName":"Vanden Brande"},"Gender":"Man","Residence":{"Place":"Bruxelles"},"Profession":"ajusteur"},{"@pid":"Person6955223","PersonName":{"PersonNameFirstName":"Anne Elisabeth","PersonNameLastName":"Engelen"},"Gender":"Vrouw","Residence":{"Place":"Bruxelles"}},{"@pid":"Person11625223","PersonName":{"PersonNameFirstName":"Fran\u00e7ois","PersonNameLastName":"Mynten"},"Gender":"Man","Residence":{"Place":"Bruxelles"},"Age":{"PersonAgeYears":"42"},"Profession":"forgeron"},{"@pid":"Person11625233","PersonName":{"PersonNameFirstName":"Julien","PersonNameLastName":"Vankalck"},"Gender":"Man","Residence":{"Place":"Bruxelles"},"Age":{"PersonAgeYears":"47"},"Profession":"changeur"},{"@pid":"Person11625243","PersonName":{"PersonNameFirstName":"Thomas","PersonNameLastName":"Jordens"},"Gender":"Man","Residence":{"Place":"Bruxelles"},"Age":{"PersonAgeYears":"31"},"Profession":"tailleur"},{"@pid":"Person11625253","PersonName":{"PersonNameFirstName":"Jean Baptiste","PersonNameLastName":"Claessens"},"Gender":"Man","Residence":{"Place":"Bruxelles"},"Age":{"PersonAgeYears":"29"},"Profession":"menuisier"}],"Event":{"@eid":"Event1","EventType":"Huwelijk","EventDate":{"Year":"1859","Month":"7","Day":"9"},"EventPlace":{"Country":"Belgi\u00eb","Place":"Brussel"}},"RelationEP":[{"PersonKeyRef":"Person626563","EventKeyRef":"Event1","RelationType":"Bruidegom"},{"PersonKeyRef":"Person1828423","EventKeyRef":"Event1","RelationType":"Bruid"},{"PersonKeyRef":"Person3349643","EventKeyRef":"Event1","RelationType":"Vader van de bruidegom"},{"PersonKeyRef":"Person4551503","EventKeyRef":"Event1","RelationType":"Moeder van de bruidegom"},{"PersonKeyRef":"Person5753363","EventKeyRef":"Event1","RelationType":"Vader van de bruid"},{"PersonKeyRef":"Person6955223","EventKeyRef":"Event1","RelationType":"Moeder van de bruid"},{"PersonKeyRef":"Person11625223","EventKeyRef":"Event1","RelationType":"Getuige"},{"PersonKeyRef":"Person11625233","EventKeyRef":"Event1","RelationType":"Getuige"},{"PersonKeyRef":"Person11625243","EventKeyRef":"Event1","RelationType":"Getuige"},{"PersonKeyRef":"Person11625253","EventKeyRef":"Event1","RelationType":"Getuige"}],"Source":{"SourcePlace":{"Country":"Belgi\u00eb","Place":"Leuven"},"SourceIndexDate":{"From":"1796-01-01","To":"1919-12-31"},"SourceDate":{"Year":"1859","Month":"7","Day":"9"},"SourceType":"BS Huwelijk","SourceReference":{"Place":"Leuven","InstitutionName":"Rijksarchief Belgi\u00eb (Brussel)","Collection":"Burgerlijke stand Brussel","DocumentNumber":"850"},"SourceAvailableScans":{"Scan":{"OrderSequenceNumber":"1","UriViewer":"https:\/\/www.familysearch.org\/ark:\/61903\/3:1:S3HT-DC6S-2P5?i=35&cc=1482191&cat=147201"}},"SourceLastChangeDate":"2023-06-23","SourceDigitalOriginal":"https:\/\/search.arch.be\/nl\/zoeken-naar-personen\/zoekresultaat\/weergave\/akte\/id\/HUBRU_00524940_0","RecordIdentifier":"HUBRU_00524940_0","RecordGUID":"{88f93d50-74a5-ef7c-fa7f-83126c1e905c}","SourceRemark":[{"@Key":"Vrijwilliger","Value":"Demogen Vlaams-Brabant en Brussel (project hubru19a)"},{"@Key":"Provenance","Value":"DemogenBrussel19a.mdb > mdb-export > abl\/demogen\/csv2a2a.pl"}]}}