{"Person":[{"@pid":"Person416506","PersonName":{"PersonNameFirstName":"Louis","PersonNameLastName":"Bossier"},"Gender":"Man","Residence":{"Place":"Schaerbeek"},"BirthDate":{"Year":"1877","Month":"6","Day":"6"},"BirthPlace":{"Country":"Belgi\u00eb","Place":"Wijtschate"},"Profession":"gar\u00e7on-brasseur"},{"@pid":"Person1137706","PersonName":{"PersonNameFirstName":"Jeanne","PersonNameLastName":"Vandereet"},"Gender":"Vrouw","Residence":{"Place":"Schaerbeek"},"BirthDate":{"Year":"1880","Month":"10","Day":"13"},"BirthPlace":{"Country":"Belgi\u00eb","Place":"Veltem-Beisem"},"Profession":"servante"},{"@pid":"Person1858906","PersonName":{"PersonNameFirstName":"Pierre Jean","PersonNameLastName":"Bossier"},"Gender":"Man","Residence":{"Place":"P\u00e9renchies, France"},"Profession":"tisserand"},{"@pid":"Person2712956","PersonName":{"PersonNameFirstName":"Th\u00e9r\u00e8se","PersonNameLastName":"Ver eecke"},"Gender":"Vrouw","Residence":{"Place":"P\u00e9renchies, France"},"Profession":"sans profession"},{"@pid":"Person3434156","PersonName":{"PersonNameFirstName":"Jean","PersonNameLastName":"Vandereet"},"Gender":"Man","Residence":{"Place":"Veltem-Beisem"},"Profession":"menuisier"},{"@pid":"Person4155356","PersonName":{"PersonNameFirstName":"Marie Colette","PersonNameLastName":"Herinckx"},"Gender":"Vrouw","Residence":{"Place":"Veltem-Beisem"},"Profession":"sans profession"},{"@pid":"Person7453636","PersonName":{"PersonNameFirstName":"Edouard","PersonNameLastName":"Donij"},"Gender":"Man","Residence":{"Place":"Schaerbeek"},"Age":{"PersonAgeYears":"34"},"Profession":"cabaretier"},{"@pid":"Person7453646","PersonName":{"PersonNameFirstName":"Constant","PersonNameLastName":"Vandereet"},"Gender":"Man","Residence":{"Place":"Schaerbeek"},"Age":{"PersonAgeYears":"30"},"Profession":"menuisier"},{"@pid":"Person7453656","PersonName":{"PersonNameFirstName":"Joseph","PersonNameLastName":"Vandereet"},"Gender":"Man","Residence":{"Place":"Evere"},"Age":{"PersonAgeYears":"23"},"Profession":"menuisier"},{"@pid":"Person7453666","PersonName":{"PersonNameFirstName":"Jean Fran\u00e7ois","PersonNameLastName":"Boon"},"Gender":"Man","Residence":{"Place":"Schaerbeek"},"Age":{"PersonAgeYears":"60"},"Profession":"menuisier"}],"Event":{"@eid":"Event1","EventType":"Huwelijk","EventDate":{"Year":"1903","Month":"9","Day":"26"},"EventPlace":{"Country":"Belgi\u00eb","Place":"Schaarbeek"}},"RelationEP":[{"PersonKeyRef":"Person416506","EventKeyRef":"Event1","RelationType":"Bruidegom"},{"PersonKeyRef":"Person1137706","EventKeyRef":"Event1","RelationType":"Bruid"},{"PersonKeyRef":"Person1858906","EventKeyRef":"Event1","RelationType":"Vader van de bruidegom"},{"PersonKeyRef":"Person2712956","EventKeyRef":"Event1","RelationType":"Moeder van de bruidegom"},{"PersonKeyRef":"Person3434156","EventKeyRef":"Event1","RelationType":"Vader van de bruid"},{"PersonKeyRef":"Person4155356","EventKeyRef":"Event1","RelationType":"Moeder van de bruid"},{"PersonKeyRef":"Person7453636","EventKeyRef":"Event1","RelationType":"Getuige"},{"PersonKeyRef":"Person7453646","EventKeyRef":"Event1","RelationType":"Getuige"},{"PersonKeyRef":"Person7453656","EventKeyRef":"Event1","RelationType":"Getuige"},{"PersonKeyRef":"Person7453666","EventKeyRef":"Event1","RelationType":"Getuige"}],"Source":{"SourcePlace":{"Country":"Belgi\u00eb","Place":"Leuven"},"SourceIndexDate":{"From":"1796-01-01","To":"1919-12-31"},"SourceDate":{"Year":"1903","Month":"9","Day":"26"},"SourceType":"BS Huwelijk","SourceReference":{"Place":"Leuven","InstitutionName":"Rijksarchief Belgi\u00eb (Brussel)","Collection":"Burgerlijke stand Brussel","DocumentNumber":"479"},"SourceAvailableScans":{"Scan":{"OrderSequenceNumber":"1","UriViewer":"https:\/\/www.familysearch.org\/ark:\/61903\/3:1:9392-D395-HM?i=206&wc=STVK-BZ9%3A966888801%2C1489971801&cc=1482191"}},"SourceLastChangeDate":"2023-06-23","SourceDigitalOriginal":"https:\/\/search.arch.be\/nl\/zoeken-naar-personen\/zoekresultaat\/weergave\/akte\/id\/HUBRU_00646334_0","RecordIdentifier":"HUBRU_00646334_0","RecordGUID":"{849ef98a-8a3e-2a34-72f5-14cb1133498e}","SourceRemark":[{"@Key":"Vrijwilliger","Value":"Demogen Vlaams-Brabant en Brussel (project hubru20)"},{"@Key":"Provenance","Value":"DemogenBrussel20.mdb > mdb-export > abl\/demogen\/csv2a2a.pl"}]}}