{"Person":[{"@pid":"Person1221804","PersonName":{"PersonNameFirstName":"Auguste Constant Adolphe","PersonNameLastName":"Hinnebeke"},"Gender":"Man","Residence":{"Place":"Saint-Josse-ten-Node"},"BirthDate":{"Year":"1861","Month":"10","Day":"4"},"BirthPlace":{"Country":"Belgi\u00eb","Place":"Saint-Josse-ten-Node"},"Profession":"cordonnier","PersonRemark":{"@Key":"Opmerking","Value":"avant \u00e0 Saint Gilles"}},{"@pid":"Person2607944","PersonName":{"PersonNameFirstName":"Louise M\u00e9lanie","PersonNameLastName":"Gabriel"},"Gender":"Vrouw","Residence":{"Place":"Saint-Josse-ten-Node"},"BirthDate":{"Year":"1863","Month":"1","Day":"21"},"BirthPlace":{"Country":"Belgi\u00eb","Place":"Bruxelles"},"Profession":"repasseuse","PersonRemark":{"@Key":"Opmerking","Value":"avant \u00e0 Saint Gilles"}},{"@pid":"Person3337204","PersonName":{"PersonNameFirstName":"Charles Ferdinand","PersonNameLastName":"Hinnebeke"},"Gender":"Man","PersonRemark":[{"@Key":"deat_date","Value":"1877-05-02"},{"@Key":"deat_plac","Value":"Laken"}]},{"@pid":"Person4723344","PersonName":{"PersonNameFirstName":"Marie Catherine","PersonNameLastName":"Poels"},"Gender":"Vrouw","Residence":{"Place":"Molenbeek-Saint-Jean"},"Age":{"PersonAgeYears":"60"},"Profession":"sans profession"},{"@pid":"Person6109484","PersonName":{"PersonNameFirstName":"Jean Baptiste","PersonNameLastName":"Gabriel"},"Gender":"Man","Residence":{"Place":"Molenbeek-Saint-Jean"},"Age":{"PersonAgeYears":"53"},"Profession":"menuisier"},{"@pid":"Person7495624","PersonName":{"PersonNameFirstName":"Barbe Philippine Philom\u00e8ne","PersonNameLastName":"Van Nerom"},"Gender":"Vrouw","Residence":{"Place":"Molenbeek-Saint-Jean"},"Age":{"PersonAgeYears":"51"},"Profession":"journali\u00e8re"},{"@pid":"Person9024684","PersonName":{"PersonNameFirstName":"Jean","PersonNameLastName":"Gabriel>Hinnebeke"},"Gender":"Man","BirthDate":{"Year":"1881","Month":"6","Day":"6"},"BirthPlace":{"Country":"Belgi\u00eb","Place":"Bruxelles"}},{"@pid":"Person9024694","PersonName":{"PersonNameFirstName":"Henri Charles","PersonNameLastName":"Gabriel>Hinnebeke"},"Gender":"Man","BirthDate":{"Year":"1884","Month":"8","Day":"4"},"BirthPlace":{"Country":"Belgi\u00eb","Place":"Molenbeek-Saint-Jean"}},{"@pid":"Person9024704","PersonName":{"PersonNameFirstName":"Fr\u00e9d\u00e9ric Guillaume","PersonNameLastName":"Gabriel>Hinnebeke"},"Gender":"Man","BirthDate":{"Year":"1887","Month":"9","Day":"17"},"BirthPlace":{"Country":"Belgi\u00eb","Place":"Saint-Gilles, Brabant"}},{"@pid":"Person11500994","PersonName":{"PersonNameFirstName":"Guillaume","PersonNameLastName":"Steffen"},"Gender":"Man","Residence":{"Place":"Bruxelles"},"Age":{"PersonAgeYears":"39"},"Profession":"journalier"},{"@pid":"Person11501004","PersonName":{"PersonNameFirstName":"Auguste","PersonNameLastName":"Toubeau"},"Gender":"Man","Residence":{"Place":"Bruxelles"},"Age":{"PersonAgeYears":"52"},"Profession":"journalier"},{"@pid":"Person11501014","PersonName":{"PersonNameFirstName":"Pierre","PersonNameLastName":"Deraymaeker"},"Gender":"Man","Residence":{"Place":"Bruxelles"},"Age":{"PersonAgeYears":"50"},"Profession":"journalier","PersonRemark":{"@Key":"Opmerking","Value":"bless\u00e9 de la main droite"}},{"@pid":"Person11501024","PersonName":{"PersonNameFirstName":"Albert","PersonNameLastName":"Penasse"},"Gender":"Man","Residence":{"Place":"Saint-Josse-ten-Node"},"Age":{"PersonAgeYears":"70"},"Profession":"journalier"}],"Event":{"@eid":"Event1","EventType":"Huwelijk","EventDate":{"Year":"1888","Month":"2","Day":"8"},"EventPlace":{"Country":"Belgi\u00eb","Place":"Sint-Joost-ten-Node"}},"RelationEP":[{"PersonKeyRef":"Person1221804","EventKeyRef":"Event1","RelationType":"Bruidegom"},{"PersonKeyRef":"Person2607944","EventKeyRef":"Event1","RelationType":"Bruid"},{"PersonKeyRef":"Person3337204","EventKeyRef":"Event1","RelationType":"Vader van de bruidegom"},{"PersonKeyRef":"Person4723344","EventKeyRef":"Event1","RelationType":"Moeder van de bruidegom"},{"PersonKeyRef":"Person6109484","EventKeyRef":"Event1","RelationType":"Vader van de bruid"},{"PersonKeyRef":"Person7495624","EventKeyRef":"Event1","RelationType":"Moeder van de bruid"},{"PersonKeyRef":"Person9024684","EventKeyRef":"Event1","RelationType":"other:Gewettigd kind"},{"PersonKeyRef":"Person9024694","EventKeyRef":"Event1","RelationType":"other:Gewettigd kind"},{"PersonKeyRef":"Person9024704","EventKeyRef":"Event1","RelationType":"other:Gewettigd kind"},{"PersonKeyRef":"Person11500994","EventKeyRef":"Event1","RelationType":"Getuige"},{"PersonKeyRef":"Person11501004","EventKeyRef":"Event1","RelationType":"Getuige"},{"PersonKeyRef":"Person11501014","EventKeyRef":"Event1","RelationType":"Getuige"},{"PersonKeyRef":"Person11501024","EventKeyRef":"Event1","RelationType":"Getuige"}],"Source":{"SourcePlace":{"Country":"Belgi\u00eb","Place":"Leuven"},"SourceIndexDate":{"From":"1796-01-01","To":"1919-12-31"},"SourceDate":{"Year":"1888","Month":"2","Day":"8"},"SourceType":"BS Huwelijk","SourceReference":{"Place":"Leuven","InstitutionName":"Rijksarchief Belgi\u00eb (Brussel)","Collection":"Burgerlijke stand Brussel","DocumentNumber":"28"},"SourceAvailableScans":{"Scan":{"OrderSequenceNumber":"1","UriViewer":"https:\/\/www.familysearch.org\/ark:\/61903\/3:1:9392-WB9M-C1?i=160&cc=1482191&cat=243319"}},"SourceLastChangeDate":"2023-06-23","SourceDigitalOriginal":"https:\/\/search.arch.be\/nl\/zoeken-naar-personen\/zoekresultaat\/weergave\/akte\/id\/HUBRU_00511257_0","RecordIdentifier":"HUBRU_00511257_0","RecordGUID":"{7c83b74f-9a84-372e-dda1-a76134d0f3d5}","SourceRemark":[{"@Key":"Vrijwilliger","Value":"Demogen Vlaams-Brabant en Brussel (project hubru19b)"},{"@Key":"Provenance","Value":"DemogenBrussel19b.mdb > mdb-export > abl\/demogen\/csv2a2a.pl"}]}}