{"Person":[{"@pid":"Person7637606","PersonName":{"PersonNameFirstName":"Edmond Gustave Ghislain","PersonNameLastName":"Vandevelde"},"Gender":"Man","Residence":{"Place":"Ixelles"},"BirthDate":{"Year":"1885","Month":"3","Day":"27"},"BirthPlace":{"Country":"Belgi\u00eb","Place":"Limal"},"Profession":"gar\u00e7on p\u00e2tissier","PersonRemark":{"@Key":"Opmerking","Value":"rue du Conseil 30, et ci-devant \u00e0 Genappe"}},{"@pid":"Person7654816","PersonName":{"PersonNameFirstName":"Rosa","PersonNameLastName":"Geudin"},"Gender":"Vrouw","Residence":{"Place":"Ixelles"},"BirthDate":{"Year":"1884","Month":"6","Day":"5"},"BirthPlace":{"Country":"Belgi\u00eb","Place":"Arc-Aini\u00e8res"},"Profession":"cuisini\u00e8re","PersonRemark":{"@Key":"Opmerking","Value":"rue d'Idalie 3, et ci-devant \u00e0 Uccle"}},{"@pid":"Person7672026","PersonName":{"PersonNameFirstName":"Pierre Joseph Ghislain","PersonNameLastName":"Vandevelde"},"Gender":"Man","Residence":{"Place":"Genappe"},"Profession":"marchand de bestiaux","PersonRemark":{"@Key":"Opmerking","Value":"consentant ... par acte"}},{"@pid":"Person7689236","PersonName":{"PersonNameFirstName":"Lucie Ghislaine","PersonNameLastName":"Stocq"},"Gender":"Vrouw"},{"@pid":"Person7706446","PersonName":{"PersonNameFirstName":"Jean Baptiste","PersonNameLastName":"Geudin"},"Gender":"Man","Residence":{"Place":"Arc-Aini\u00e8res"},"Profession":"cultivateur","PersonRemark":{"@Key":"Opmerking","Value":"consentant ... par acte"}},{"@pid":"Person7723656","PersonName":{"PersonNameFirstName":"Marie Victoire","PersonNameLastName":"Roman"},"Gender":"Vrouw","Residence":{"Place":"Arc-Aini\u00e8res"},"PersonRemark":{"@Key":"Opmerking","Value":"consentant ... par acte"}},{"@pid":"Person7794446","PersonName":{"PersonNameFirstName":"Jean","PersonNameLastName":"Noiset"},"Gender":"Man","Residence":{"Place":"Bruxelles"},"Age":{"PersonAgeYears":"60"},"Profession":"employ\u00e9"},{"@pid":"Person7794456","PersonName":{"PersonNameFirstName":"L\u00e9on","PersonNameLastName":"Cremer"},"Gender":"Man","Residence":{"Place":"Ixelles"},"Age":{"PersonAgeYears":"26"},"Profession":"employ\u00e9"},{"@pid":"Person7794466","PersonName":{"PersonNameFirstName":"Joseph","PersonNameLastName":"Daminet"},"Gender":"Man","Residence":{"Place":"Genappe"},"Age":{"PersonAgeYears":"57"},"Profession":"p\u00e2tissier"},{"@pid":"Person7794476","PersonName":{"PersonNameFirstName":"Henri","PersonNameLastName":"Doyen"},"Gender":"Man","Residence":{"Place":"Ixelles"},"Age":{"PersonAgeYears":"26"},"Profession":"ajusteur"}],"Event":{"@eid":"Event1","EventType":"Huwelijk","EventDate":{"Year":"1907","Month":"12","Day":"7"},"EventPlace":{"Country":"Belgi\u00eb","Place":"Elsene"}},"RelationEP":[{"PersonKeyRef":"Person7637606","EventKeyRef":"Event1","RelationType":"Bruidegom"},{"PersonKeyRef":"Person7654816","EventKeyRef":"Event1","RelationType":"Bruid"},{"PersonKeyRef":"Person7672026","EventKeyRef":"Event1","RelationType":"Vader van de bruidegom"},{"PersonKeyRef":"Person7689236","EventKeyRef":"Event1","RelationType":"Moeder van de bruidegom"},{"PersonKeyRef":"Person7706446","EventKeyRef":"Event1","RelationType":"Vader van de bruid"},{"PersonKeyRef":"Person7723656","EventKeyRef":"Event1","RelationType":"Moeder van de bruid"},{"PersonKeyRef":"Person7794446","EventKeyRef":"Event1","RelationType":"Getuige"},{"PersonKeyRef":"Person7794456","EventKeyRef":"Event1","RelationType":"Getuige"},{"PersonKeyRef":"Person7794466","EventKeyRef":"Event1","RelationType":"Getuige"},{"PersonKeyRef":"Person7794476","EventKeyRef":"Event1","RelationType":"Getuige"}],"Source":{"SourcePlace":{"Country":"Belgi\u00eb","Place":"Leuven"},"SourceIndexDate":{"From":"1796-01-01","To":"1919-12-31"},"SourceDate":{"Year":"1907","Month":"12","Day":"7"},"SourceType":"BS Huwelijk","SourceReference":{"Place":"Leuven","InstitutionName":"Rijksarchief Belgi\u00eb (Brussel)","Collection":"Burgerlijke stand Brussel","DocumentNumber":"660"},"SourceAvailableScans":{"Scan":{"OrderSequenceNumber":"1","UriViewer":"https:\/\/www.familysearch.org\/ark:\/61903\/3:1:9392-HT91-RL?i=556&wc=STVQ-BZ9%3A966886201%2C1489080053&cc=1482191"}},"SourceLastChangeDate":"2023-06-23","SourceDigitalOriginal":"https:\/\/search.arch.be\/nl\/zoeken-naar-personen\/zoekresultaat\/weergave\/akte\/id\/HUBRU_00698088_0","RecordIdentifier":"HUBRU_00698088_0","RecordGUID":"{74de07a0-36a0-8c9b-5efa-da3cd986c2e3}","SourceRemark":[{"@Key":"Vrijwilliger","Value":"Demogen Vlaams-Brabant en Brussel (project hubru20)"},{"@Key":"Provenance","Value":"DemogenBrussel20.mdb > mdb-export > abl\/demogen\/csv2a2a.pl"}]}}