{"Person":[{"@pid":"Person270096","PersonName":{"PersonNameFirstName":"Oscar Albert Adolphe","PersonNameLastName":"Ehlig"},"Gender":"Man","Residence":{"Place":"Besan\u00e7on"},"BirthDate":{"Year":"1889","Month":"12","Day":"1"},"BirthPlace":{"Country":"Belgi\u00eb","Place":"Besan\u00e7on, d\u00e9pt. du Doubs, France"},"Profession":"ouvrier m\u00e9canicien","PersonRemark":{"@Key":"Opmerking","Value":"R\u00e9sidant \u00e0 Bruxelles, Petite rue des Bouchers 24."}},{"@pid":"Person991296","PersonName":{"PersonNameFirstName":"Marie Christine","PersonNameLastName":"Dammans"},"Gender":"Vrouw","Residence":{"Place":"Anderlecht"},"BirthDate":{"Year":"1891","Month":"8","Day":"9"},"BirthPlace":{"Country":"Belgi\u00eb","Place":"Anderlecht"},"Profession":"ling\u00e8re","PersonRemark":{"@Key":"Opmerking","Value":"R\u00e9sidant \u00e0 Bruxelles, Petite rue des Bouchers 24 avan t \u00e0 Anderlecht"}},{"@pid":"Person1712496","PersonName":{"PersonNameFirstName":"Charles","PersonNameLastName":"Ehlig"},"Gender":"Man","Residence":{"Place":"Besan\u00e7on"},"Profession":"employ\u00e9"},{"@pid":"Person2224816","PersonName":{"PersonNameFirstName":"Jeanne Baptiste Emilie","PersonNameLastName":"Riche"},"Gender":"Vrouw","Residence":{"Place":"Besan\u00e7on"}},{"@pid":"Person2946016","PersonName":{"PersonNameFirstName":"Guillaume","PersonNameLastName":"Dammans"},"Gender":"Man","Residence":{"Place":"Anderlecht"},"Profession":"m\u00e9canicien"},{"@pid":"Person3667216","PersonName":{"PersonNameFirstName":"Jos\u00e9phine","PersonNameLastName":"Christiaens"},"Gender":"Vrouw","Residence":{"Place":"Anderlecht"}},{"@pid":"Person4914016","PersonName":{"PersonNameFirstName":"Auguste","PersonNameLastName":"Jacquard"},"Gender":"Man","Residence":{"Place":"Bruxelles"},"Age":{"PersonAgeYears":"48"},"Profession":"n\u00e9gociant"},{"@pid":"Person4914026","PersonName":{"PersonNameFirstName":"Guillaume","PersonNameLastName":"Dammans"},"Gender":"Man","Residence":{"Place":"Anderlecht"},"Age":{"PersonAgeYears":"23"},"Profession":"m\u00e9canicien"}],"Event":{"@eid":"Event1","EventType":"Huwelijk","EventDate":{"Year":"1911","Month":"2","Day":"25"},"EventPlace":{"Country":"Belgi\u00eb","Place":"Brussel"}},"RelationEP":[{"PersonKeyRef":"Person270096","EventKeyRef":"Event1","RelationType":"Bruidegom"},{"PersonKeyRef":"Person991296","EventKeyRef":"Event1","RelationType":"Bruid"},{"PersonKeyRef":"Person1712496","EventKeyRef":"Event1","RelationType":"Vader van de bruidegom"},{"PersonKeyRef":"Person2224816","EventKeyRef":"Event1","RelationType":"Moeder van de bruidegom"},{"PersonKeyRef":"Person2946016","EventKeyRef":"Event1","RelationType":"Vader van de bruid"},{"PersonKeyRef":"Person3667216","EventKeyRef":"Event1","RelationType":"Moeder van de bruid"},{"PersonKeyRef":"Person4914016","EventKeyRef":"Event1","RelationType":"Getuige"},{"PersonKeyRef":"Person4914026","EventKeyRef":"Event1","RelationType":"Getuige"}],"Source":{"SourcePlace":{"Country":"Belgi\u00eb","Place":"Leuven"},"SourceIndexDate":{"From":"1796-01-01","To":"1919-12-31"},"SourceDate":{"Year":"1911","Month":"2","Day":"25"},"SourceType":"BS Huwelijk","SourceReference":{"Place":"Leuven","InstitutionName":"Rijksarchief Belgi\u00eb (Brussel)","Collection":"Burgerlijke stand Brussel","DocumentNumber":"321"},"SourceLastChangeDate":"2023-06-23","SourceDigitalOriginal":"https:\/\/search.arch.be\/nl\/zoeken-naar-personen\/zoekresultaat\/weergave\/akte\/id\/HUBRU_00378028_0","RecordIdentifier":"HUBRU_00378028_0","RecordGUID":"{6e7ad42c-5a23-a121-c4e7-b4f4e20d792f}","SourceRemark":[{"@Key":"Vrijwilliger","Value":"Demogen Vlaams-Brabant en Brussel (project hubru20)"},{"@Key":"Provenance","Value":"DemogenBrussel20.mdb > mdb-export > abl\/demogen\/csv2a2a.pl"}]}}