{"Person":[{"@pid":"Person49766","PersonName":{"PersonNameFirstName":"Guillaume Alo\u00ffs","PersonNameLastName":"Capoen"},"Gender":"Man","Residence":{"Place":"Bruxelles"},"BirthDate":{"Year":"1879","Month":"6","Day":"11"},"BirthPlace":{"Country":"Belgi\u00eb","Place":"Bruxelles"},"Profession":"ouvrier imprimeur"},{"@pid":"Person770966","PersonName":{"PersonNameFirstName":"Barbe","PersonNameLastName":"Verreycken"},"Gender":"Vrouw","Residence":{"Place":"Bruxelles"},"BirthDate":{"Year":"1882","Month":"7","Day":"7"},"BirthPlace":{"Country":"Belgi\u00eb","Place":"Anderlecht"},"Profession":"ouvri\u00e8re dentelli\u00e8re"},{"@pid":"Person2208566","PersonName":{"PersonNameFirstName":"Jeanne","PersonNameLastName":"Capoen"},"Gender":"Vrouw"},{"@pid":"Person2929766","PersonName":{"PersonNameFirstName":"Jean","PersonNameLastName":"Verreycken"},"Gender":"Man"},{"@pid":"Person3650966","PersonName":{"PersonNameFirstName":"Marie","PersonNameLastName":"De Geynst"},"Gender":"Vrouw","Residence":{"Place":"Bruxelles"},"Profession":"sans profession"},{"@pid":"Person4858886","PersonName":{"PersonNameFirstName":"Hubert","PersonNameLastName":"Vandenbroeck"},"Gender":"Man","Residence":{"Place":"Bruxelles"},"Age":{"PersonAgeYears":"47"},"Profession":"fondeur en cuivre"},{"@pid":"Person4858896","PersonName":{"PersonNameFirstName":"Evrard","PersonNameLastName":"Degeynst"},"Gender":"Man","Residence":{"Place":"Bruxelles"},"Age":{"PersonAgeYears":"57"},"Profession":"employ\u00e9"},{"@pid":"Person4858906","PersonName":{"PersonNameFirstName":"Jean Baptiste","PersonNameLastName":"Verneillen"},"Gender":"Man","Residence":{"Place":"Liedekerke"},"Age":{"PersonAgeYears":"23"},"Profession":"cultivateur"},{"@pid":"Person4858916","PersonName":{"PersonNameFirstName":"Fran\u00e7ois","PersonNameLastName":"Heylen"},"Gender":"Man","Residence":{"Place":"Bruxelles"},"Age":{"PersonAgeYears":"32"},"Profession":"imprimeur"}],"Event":{"@eid":"Event1","EventType":"Huwelijk","EventDate":{"Year":"1901","Month":"3","Day":"9"},"EventPlace":{"Country":"Belgi\u00eb","Place":"Brussel"}},"RelationEP":[{"PersonKeyRef":"Person49766","EventKeyRef":"Event1","RelationType":"Bruidegom"},{"PersonKeyRef":"Person770966","EventKeyRef":"Event1","RelationType":"Bruid"},{"PersonKeyRef":"Person2208566","EventKeyRef":"Event1","RelationType":"Moeder van de bruidegom"},{"PersonKeyRef":"Person2929766","EventKeyRef":"Event1","RelationType":"Vader van de bruid"},{"PersonKeyRef":"Person3650966","EventKeyRef":"Event1","RelationType":"Moeder van de bruid"},{"PersonKeyRef":"Person4858886","EventKeyRef":"Event1","RelationType":"Getuige"},{"PersonKeyRef":"Person4858896","EventKeyRef":"Event1","RelationType":"Getuige"},{"PersonKeyRef":"Person4858906","EventKeyRef":"Event1","RelationType":"Getuige"},{"PersonKeyRef":"Person4858916","EventKeyRef":"Event1","RelationType":"Getuige"}],"Source":{"SourcePlace":{"Country":"Belgi\u00eb","Place":"Leuven"},"SourceIndexDate":{"From":"1796-01-01","To":"1919-12-31"},"SourceDate":{"Year":"1901","Month":"3","Day":"9"},"SourceType":"BS Huwelijk","SourceReference":{"Place":"Leuven","InstitutionName":"Rijksarchief Belgi\u00eb (Brussel)","Collection":"Burgerlijke stand Brussel","DocumentNumber":"388"},"SourceLastChangeDate":"2023-06-23","SourceDigitalOriginal":"https:\/\/search.arch.be\/nl\/zoeken-naar-personen\/zoekresultaat\/weergave\/akte\/id\/HUBRU_00368798_0","RecordIdentifier":"HUBRU_00368798_0","RecordGUID":"{58b8c192-a386-022a-0e2a-6addaaa797ec}","SourceRemark":[{"@Key":"Vrijwilliger","Value":"Demogen Vlaams-Brabant en Brussel (project hubru20)"},{"@Key":"Provenance","Value":"DemogenBrussel20.mdb > mdb-export > abl\/demogen\/csv2a2a.pl"}]}}