{"Person":[{"@pid":"Person60996","PersonName":{"PersonNameFirstName":"Louis Corneille Edouard","PersonNameLastName":"Rong\u00e9"},"Gender":"Man","Residence":{"Place":"Schaerbeek"},"BirthDate":{"Year":"1879","Month":"9","Day":"5"},"BirthPlace":{"Country":"Belgi\u00eb","Place":"Schaerbeek"},"Profession":"ouvrier \u00e9b\u00e9niste"},{"@pid":"Person782196","PersonName":{"PersonNameFirstName":"Elisabeth Cornelie","PersonNameLastName":"Gielen"},"Gender":"Vrouw","Residence":{"Place":"Wessem, Limburg, Holland"},"BirthDate":{"Year":"1881","Month":"4","Day":"6"},"BirthPlace":{"Country":"Belgi\u00eb","Place":"Saint-Gilles, Brabant"},"Profession":"ouvri\u00e8re tailleuse","PersonRemark":{"@Key":"Opmerking","Value":"r\u00e9sidant \u00e0 Bruxelles, rue du Marais 22"}},{"@pid":"Person1503396","PersonName":{"PersonNameFirstName":"Jean","PersonNameLastName":"Rong\u00e9"},"Gender":"Man"},{"@pid":"Person2186606","PersonName":{"PersonNameFirstName":"Marie Fran\u00e7oise","PersonNameLastName":"Cocardin"},"Gender":"Vrouw","Residence":{"Place":"Schaerbeek"},"Profession":"boutiqui\u00e8re"},{"@pid":"Person2907806","PersonName":{"PersonNameFirstName":"Jean","PersonNameLastName":"Gielen"},"Gender":"Man","Residence":{"Place":"Wessem"},"Profession":"repr\u00e9sentant de commerce","PersonRemark":{"@Key":"Opmerking","Value":"r\u00e9sidant \u00e0 Schaerbeek"}},{"@pid":"Person3629006","PersonName":{"PersonNameFirstName":"H\u00e9l\u00e8ne","PersonNameLastName":"De Mooy"},"Gender":"Vrouw","Residence":{"Place":"Wessem"},"PersonRemark":{"@Key":"Opmerking","Value":"r\u00e9sidant \u00e0 Schaerbeek"}},{"@pid":"Person4771266","PersonName":{"PersonNameFirstName":"Louis","PersonNameLastName":"Van Criekinge"},"Gender":"Man","Residence":{"Place":"Bruxelles"},"Age":{"PersonAgeYears":"22"},"Profession":"tapissier"},{"@pid":"Person4771276","PersonName":{"PersonNameFirstName":"Guillaume","PersonNameLastName":"Smets"},"Gender":"Man","Residence":{"Place":"Bruxelles"},"Age":{"PersonAgeYears":"24"},"Profession":"plombier"},{"@pid":"Person4771286","PersonName":{"PersonNameFirstName":"Armand","PersonNameLastName":"Gielen"},"Gender":"Man","Residence":{"Place":"Bruxelles"},"Age":{"PersonAgeYears":"25"},"Profession":"\u00e9b\u00e9niste"},{"@pid":"Person4771296","PersonName":{"PersonNameFirstName":"Victor","PersonNameLastName":"Balis"},"Gender":"Man","Residence":{"Place":"Bruxelles"},"Age":{"PersonAgeYears":"26"},"Profession":"boucher"}],"Event":{"@eid":"Event1","EventType":"Huwelijk","EventDate":{"Year":"1902","Month":"2","Day":"8"},"EventPlace":{"Country":"Belgi\u00eb","Place":"Brussel"}},"RelationEP":[{"PersonKeyRef":"Person60996","EventKeyRef":"Event1","RelationType":"Bruidegom"},{"PersonKeyRef":"Person782196","EventKeyRef":"Event1","RelationType":"Bruid"},{"PersonKeyRef":"Person1503396","EventKeyRef":"Event1","RelationType":"Vader van de bruidegom"},{"PersonKeyRef":"Person2186606","EventKeyRef":"Event1","RelationType":"Moeder van de bruidegom"},{"PersonKeyRef":"Person2907806","EventKeyRef":"Event1","RelationType":"Vader van de bruid"},{"PersonKeyRef":"Person3629006","EventKeyRef":"Event1","RelationType":"Moeder van de bruid"},{"PersonKeyRef":"Person4771266","EventKeyRef":"Event1","RelationType":"Getuige"},{"PersonKeyRef":"Person4771276","EventKeyRef":"Event1","RelationType":"Getuige"},{"PersonKeyRef":"Person4771286","EventKeyRef":"Event1","RelationType":"Getuige"},{"PersonKeyRef":"Person4771296","EventKeyRef":"Event1","RelationType":"Getuige"}],"Source":{"SourcePlace":{"Country":"Belgi\u00eb","Place":"Leuven"},"SourceIndexDate":{"From":"1796-01-01","To":"1919-12-31"},"SourceDate":{"Year":"1902","Month":"2","Day":"8"},"SourceType":"BS Huwelijk","SourceReference":{"Place":"Leuven","InstitutionName":"Rijksarchief Belgi\u00eb (Brussel)","Collection":"Burgerlijke stand Brussel","DocumentNumber":"245"},"SourceLastChangeDate":"2023-06-23","SourceDigitalOriginal":"https:\/\/search.arch.be\/nl\/zoeken-naar-personen\/zoekresultaat\/weergave\/akte\/id\/HUBRU_00341654_0","RecordIdentifier":"HUBRU_00341654_0","RecordGUID":"{576e8136-4ebb-8b48-57e5-acd83cab169b}","SourceRemark":[{"@Key":"Vrijwilliger","Value":"Demogen Vlaams-Brabant en Brussel (project hubru20)"},{"@Key":"Provenance","Value":"DemogenBrussel20.mdb > mdb-export > abl\/demogen\/csv2a2a.pl"}]}}