{"Person":[{"@pid":"Person810644","PersonName":{"PersonNameFirstName":"Felix","PersonNameLastName":"Deridder"},"Gender":"Man","Residence":{"Place":"Etterbeek"},"BirthDate":{"Year":"1876","Month":"12","Day":"25"},"BirthPlace":{"Country":"Belgi\u00eb","Place":"Sterrebeek"},"Profession":"ouvrier ma\u00e7on"},{"@pid":"Person2196784","PersonName":{"PersonNameFirstName":"Jeanne Jos\u00e9phine","PersonNameLastName":"Fl\u00e9mal"},"Gender":"Vrouw","Residence":{"Place":"Etterbeek"},"BirthDate":{"Year":"1881","Month":"2","Day":"14"},"BirthPlace":{"Country":"Belgi\u00eb","Place":"Etterbeek"},"Profession":"lavandi\u00e8re"},{"@pid":"Person3859374","PersonName":{"PersonNameFirstName":"Andr\u00e9","PersonNameLastName":"Deridder"},"Gender":"Man"},{"@pid":"Person5245514","PersonName":{"PersonNameFirstName":"Marie Th\u00e9r\u00e8se","PersonNameLastName":"Van Cranenbroek"},"Gender":"Vrouw","Residence":{"Place":"Etterbeek"},"Profession":"sans profession"},{"@pid":"Person6631654","PersonName":{"PersonNameFirstName":"Jean Fran\u00e7ois","PersonNameLastName":"Fl\u00e9mal"},"Gender":"Man"},{"@pid":"Person8017794","PersonName":{"PersonNameFirstName":"P\u00e9tronille","PersonNameLastName":"Stuebaut"},"Gender":"Vrouw","Residence":{"Place":"Etterbeek"},"Profession":"sans profession"},{"@pid":"Person13570534","PersonName":{"PersonNameFirstName":"Jean","PersonNameLastName":"Stuerbaut"},"Gender":"Man","Residence":{"Place":"Etterbeek"},"Age":{"PersonAgeYears":"40"},"Profession":"journalier"},{"@pid":"Person13570544","PersonName":{"PersonNameFirstName":"Henri","PersonNameLastName":"Hanssens"},"Gender":"Man","Residence":{"Place":"Etterbeek"},"Age":{"PersonAgeYears":"77"},"Profession":"cultivateur"},{"@pid":"Person13570554","PersonName":{"PersonNameFirstName":"Guillaume","PersonNameLastName":"Bruylants"},"Gender":"Man","Residence":{"Place":"Etterbeek"},"Age":{"PersonAgeYears":"43"},"Profession":"sans profession"},{"@pid":"Person13570564","PersonName":{"PersonNameFirstName":"Fran\u00e7ois","PersonNameLastName":"Deridder"},"Gender":"Man","Residence":{"Place":"Etterbeek"},"Age":{"PersonAgeYears":"33"},"Profession":"ouvrier terrassier"}],"Event":{"@eid":"Event1","EventType":"Huwelijk","EventDate":{"Year":"1900","Month":"12","Day":"8"},"EventPlace":{"Country":"Belgi\u00eb","Place":"Etterbeek"}},"RelationEP":[{"PersonKeyRef":"Person810644","EventKeyRef":"Event1","RelationType":"Bruidegom"},{"PersonKeyRef":"Person2196784","EventKeyRef":"Event1","RelationType":"Bruid"},{"PersonKeyRef":"Person3859374","EventKeyRef":"Event1","RelationType":"Vader van de bruidegom"},{"PersonKeyRef":"Person5245514","EventKeyRef":"Event1","RelationType":"Moeder van de bruidegom"},{"PersonKeyRef":"Person6631654","EventKeyRef":"Event1","RelationType":"Vader van de bruid"},{"PersonKeyRef":"Person8017794","EventKeyRef":"Event1","RelationType":"Moeder van de bruid"},{"PersonKeyRef":"Person13570534","EventKeyRef":"Event1","RelationType":"Getuige"},{"PersonKeyRef":"Person13570544","EventKeyRef":"Event1","RelationType":"Getuige"},{"PersonKeyRef":"Person13570554","EventKeyRef":"Event1","RelationType":"Getuige"},{"PersonKeyRef":"Person13570564","EventKeyRef":"Event1","RelationType":"Getuige"}],"Source":{"SourcePlace":{"Country":"Belgi\u00eb","Place":"Leuven"},"SourceIndexDate":{"From":"1796-01-01","To":"1919-12-31"},"SourceDate":{"Year":"1900","Month":"12","Day":"8"},"SourceType":"BS Huwelijk","SourceReference":{"Place":"Leuven","InstitutionName":"Rijksarchief Belgi\u00eb (Brussel)","Collection":"Burgerlijke stand Brussel","DocumentNumber":"199"},"SourceLastChangeDate":"2023-06-23","SourceDigitalOriginal":"https:\/\/search.arch.be\/nl\/zoeken-naar-personen\/zoekresultaat\/weergave\/akte\/id\/HUBRU_00611899_0","RecordIdentifier":"HUBRU_00611899_0","RecordGUID":"{51e25bc1-d473-c410-e9c9-7dd5ccf909a3}","SourceRemark":[{"@Key":"Vrijwilliger","Value":"Demogen Vlaams-Brabant en Brussel (project hubru19b)"},{"@Key":"Provenance","Value":"DemogenBrussel19b.mdb > mdb-export > abl\/demogen\/csv2a2a.pl"}]}}