{"Person":[{"@pid":"Person1153753","PersonName":{"PersonNameFirstName":"Philippe","PersonNameLastName":"Alles"},"Gender":"Man","Residence":{"Place":"Uccle"},"Age":{"PersonAgeYears":"23"},"BirthDate":{"Year":"1840","Month":"2","Day":"22"},"BirthPlace":{"Country":"Belgi\u00eb","Place":"Uccle"},"Profession":"man\u0153uvre-ma\u00e7on"},{"@pid":"Person2355613","PersonName":{"PersonNameFirstName":"Anne Marie Colette","PersonNameLastName":"Crokaert"},"Gender":"Vrouw","Residence":{"Place":"Uccle"},"Age":{"PersonAgeYears":"23","PersonAgeMonths":"8"},"BirthDate":{"Year":"1840","Month":"1","Day":"26"},"BirthPlace":{"Country":"Belgi\u00eb","Place":"Drogenbos"},"Profession":"m\u00e9nag\u00e8re"},{"@pid":"Person3198373","PersonName":{"PersonNameFirstName":"Jean Baptiste","PersonNameLastName":"Alles"},"Gender":"Man","Residence":{"Place":"Uccle"},"Age":{"PersonAgeYears":"54"},"Profession":"journalier"},{"@pid":"Person4400233","PersonName":{"PersonNameFirstName":"Anne Marie","PersonNameLastName":"Vandenhove"},"Gender":"Vrouw","Residence":{"Place":"Uccle"},"Age":{"PersonAgeYears":"54"},"Profession":"m\u00e9nag\u00e8re"},{"@pid":"Person5602093","PersonName":{"PersonNameFirstName":"Sebastien","PersonNameLastName":"Crokaert"},"Gender":"Man","Residence":{"Place":"Uccle"},"Age":{"PersonAgeYears":"62"},"Profession":"journalier"},{"@pid":"Person6803953","PersonName":{"PersonNameFirstName":"Anne Catherine","PersonNameLastName":"Mommaert"},"Gender":"Vrouw","PersonRemark":[{"@Key":"deat_date","Value":"1858-07-31"},{"@Key":"deat_plac","Value":"Uccle"}]},{"@pid":"Person7903003","PersonName":{"PersonNameFirstName":"Sebastien","PersonNameLastName":"Crokaert>Alles"},"Gender":"Man","BirthDate":{"Year":"1863","Month":"2","Day":"5"},"BirthPlace":{"Country":"Belgi\u00eb","Place":"Uccle"}},{"@pid":"Person11020253","PersonName":{"PersonNameFirstName":"Josse","PersonNameLastName":"Alles"},"Gender":"Man","Residence":{"Place":"Uccle"},"Age":{"PersonAgeYears":"25"},"Profession":"ma\u00e7on"},{"@pid":"Person11020263","PersonName":{"PersonNameFirstName":"Jean Baptiste","PersonNameLastName":"Crokaert"},"Gender":"Man","Residence":{"Place":"Uccle"},"Age":{"PersonAgeYears":"34"},"Profession":"cultivateur"},{"@pid":"Person11020273","PersonName":{"PersonNameFirstName":"David","PersonNameLastName":"Alles"},"Gender":"Man","Residence":{"Place":"Uccle"},"Age":{"PersonAgeYears":"32"},"Profession":"ma\u00e7on"},{"@pid":"Person11020283","PersonName":{"PersonNameFirstName":"Fran\u00e7ois","PersonNameLastName":"Crokaert"},"Gender":"Man","Residence":{"Place":"Uccle"},"Age":{"PersonAgeYears":"26"},"Profession":"marbrier"}],"Event":{"@eid":"Event1","EventType":"Huwelijk","EventDate":{"Year":"1863","Month":"9","Day":"21"},"EventPlace":{"Country":"Belgi\u00eb","Place":"Ukkel"}},"RelationEP":[{"PersonKeyRef":"Person1153753","EventKeyRef":"Event1","RelationType":"Bruidegom"},{"PersonKeyRef":"Person2355613","EventKeyRef":"Event1","RelationType":"Bruid"},{"PersonKeyRef":"Person3198373","EventKeyRef":"Event1","RelationType":"Vader van de bruidegom"},{"PersonKeyRef":"Person4400233","EventKeyRef":"Event1","RelationType":"Moeder van de bruidegom"},{"PersonKeyRef":"Person5602093","EventKeyRef":"Event1","RelationType":"Vader van de bruid"},{"PersonKeyRef":"Person6803953","EventKeyRef":"Event1","RelationType":"Moeder van de bruid"},{"PersonKeyRef":"Person7903003","EventKeyRef":"Event1","RelationType":"other:Gewettigd kind"},{"PersonKeyRef":"Person11020253","EventKeyRef":"Event1","RelationType":"Getuige"},{"PersonKeyRef":"Person11020263","EventKeyRef":"Event1","RelationType":"Getuige"},{"PersonKeyRef":"Person11020273","EventKeyRef":"Event1","RelationType":"Getuige"},{"PersonKeyRef":"Person11020283","EventKeyRef":"Event1","RelationType":"Getuige"}],"Source":{"SourcePlace":{"Country":"Belgi\u00eb","Place":"Leuven"},"SourceIndexDate":{"From":"1796-01-01","To":"1919-12-31"},"SourceDate":{"Year":"1863","Month":"9","Day":"21"},"SourceType":"BS Huwelijk","SourceReference":{"Place":"Leuven","InstitutionName":"Rijksarchief Belgi\u00eb (Brussel)","Collection":"Burgerlijke stand Brussel","DocumentNumber":"42"},"SourceAvailableScans":{"Scan":{"OrderSequenceNumber":"1","UriViewer":"https:\/\/www.familysearch.org\/ark:\/61903\/3:1:S3HT-XXNC-R81?i=438&wc=ST2Y-6TL%3A966971001%2C967017701&cc=1482191"}},"SourceLastChangeDate":"2023-06-23","SourceDigitalOriginal":"https:\/\/search.arch.be\/nl\/zoeken-naar-personen\/zoekresultaat\/weergave\/akte\/id\/HUBRU_00476361_0","RecordIdentifier":"HUBRU_00476361_0","RecordGUID":"{4a9ecc0c-57b0-8392-eddf-c12aa67c9e27}","SourceRemark":[{"@Key":"Vrijwilliger","Value":"Demogen Vlaams-Brabant en Brussel (project hubru19a)"},{"@Key":"Provenance","Value":"DemogenBrussel19a.mdb > mdb-export > abl\/demogen\/csv2a2a.pl"}]}}