{"Person":[{"@pid":"Person765934","PersonName":{"PersonNameFirstName":"Fran\u00e7ois Richard Ferdinand","PersonNameLastName":"Hespel"},"Gender":"Man","Residence":{"Place":"Saint-Josse-ten-Node"},"BirthDate":{"Year":"1875","Month":"9","Day":"28"},"BirthPlace":{"Country":"Belgi\u00eb","Place":"Bruxelles"},"Profession":"gantier"},{"@pid":"Person2152074","PersonName":{"PersonNameFirstName":"Marie Anne","PersonNameLastName":"Loonen"},"Gender":"Vrouw","Residence":{"Place":"Ixelles"},"BirthDate":{"Year":"1875","Month":"9","Day":"21"},"BirthPlace":{"Country":"Belgi\u00eb","Place":"Ixelles"},"Profession":"sans profession"},{"@pid":"Person3978964","PersonName":{"PersonNameFirstName":"Fran\u00e7ois Arthur Joseph","PersonNameLastName":"Hespel"},"Gender":"Man","Residence":{"Place":"Saint-Josse-ten-Node"},"Profession":"fonctionnaire de l'\u00e9tat"},{"@pid":"Person5365104","PersonName":{"PersonNameFirstName":"Marie Rosalie","PersonNameLastName":"Struyf"},"Gender":"Vrouw","Residence":{"Place":"Saint-Josse-ten-Node"}},{"@pid":"Person6751244","PersonName":{"PersonNameFirstName":"Charles Joseph","PersonNameLastName":"Loonen"},"Gender":"Man","PersonRemark":{"@Key":"Opmerking","Value":"dont le d\u00e9c\u00e8s est attest\u00e9 par sa veuve"}},{"@pid":"Person8137384","PersonName":{"PersonNameFirstName":"Elisabeth","PersonNameLastName":"Opdenbosch"},"Gender":"Vrouw","Residence":{"Place":"Ixelles"},"Profession":"fripi\u00e8re"},{"@pid":"Person9204024","PersonName":{"PersonNameFirstName":"Charles Gustave Fran\u00e7ois","PersonNameLastName":"Loonen>Hespel"},"Gender":"Man","BirthDate":{"Year":"1899","Month":"5","Day":"22"},"BirthPlace":{"Country":"Belgi\u00eb","Place":"Ixelles"}},{"@pid":"Person14039774","PersonName":{"PersonNameFirstName":"Fran\u00e7ois","PersonNameLastName":"Struyf"},"Gender":"Man","Residence":{"Place":"Laken"},"Age":{"PersonAgeYears":"47"},"Profession":"louageur"},{"@pid":"Person14039784","PersonName":{"PersonNameFirstName":"Camille","PersonNameLastName":"Bassleer"},"Gender":"Man","Residence":{"Place":"Etterbeek"},"Age":{"PersonAgeYears":"32"},"Profession":"typographe"},{"@pid":"Person14039794","PersonName":{"PersonNameFirstName":"Gustave","PersonNameLastName":"Opdenbosch"},"Gender":"Man","Residence":{"Place":"Ixelles"},"Age":{"PersonAgeYears":"42"},"Profession":"employ\u00e9"},{"@pid":"Person14039804","PersonName":{"PersonNameFirstName":"Andr\u00e9","PersonNameLastName":"Struyf"},"Gender":"Man","Residence":{"Place":"Bruxelles"},"Age":{"PersonAgeYears":"69"},"Profession":"employ\u00e9"}],"Event":{"@eid":"Event1","EventType":"Huwelijk","EventDate":{"Year":"1899","Month":"11","Day":"11"},"EventPlace":{"Country":"Belgi\u00eb","Place":"Elsene"}},"RelationEP":[{"PersonKeyRef":"Person765934","EventKeyRef":"Event1","RelationType":"Bruidegom"},{"PersonKeyRef":"Person2152074","EventKeyRef":"Event1","RelationType":"Bruid"},{"PersonKeyRef":"Person3978964","EventKeyRef":"Event1","RelationType":"Vader van de bruidegom"},{"PersonKeyRef":"Person5365104","EventKeyRef":"Event1","RelationType":"Moeder van de bruidegom"},{"PersonKeyRef":"Person6751244","EventKeyRef":"Event1","RelationType":"Vader van de bruid"},{"PersonKeyRef":"Person8137384","EventKeyRef":"Event1","RelationType":"Moeder van de bruid"},{"PersonKeyRef":"Person9204024","EventKeyRef":"Event1","RelationType":"other:Gewettigd kind"},{"PersonKeyRef":"Person14039774","EventKeyRef":"Event1","RelationType":"Getuige"},{"PersonKeyRef":"Person14039784","EventKeyRef":"Event1","RelationType":"Getuige"},{"PersonKeyRef":"Person14039794","EventKeyRef":"Event1","RelationType":"Getuige"},{"PersonKeyRef":"Person14039804","EventKeyRef":"Event1","RelationType":"Getuige"}],"Source":{"SourcePlace":{"Country":"Belgi\u00eb","Place":"Leuven"},"SourceIndexDate":{"From":"1796-01-01","To":"1919-12-31"},"SourceDate":{"Year":"1899","Month":"11","Day":"11"},"SourceType":"BS Huwelijk","SourceReference":{"Place":"Leuven","InstitutionName":"Rijksarchief Belgi\u00eb (Brussel)","Collection":"Burgerlijke stand Brussel","DocumentNumber":"520"},"SourceAvailableScans":{"Scan":{"OrderSequenceNumber":"1","UriViewer":"https:\/\/www.familysearch.org\/ark:\/61903\/3:1:9392-HF92-9K?i=360&cc=1482191&cat=176155"}},"SourceLastChangeDate":"2023-06-23","SourceDigitalOriginal":"https:\/\/search.arch.be\/nl\/zoeken-naar-personen\/zoekresultaat\/weergave\/akte\/id\/HUBRU_00640285_0","RecordIdentifier":"HUBRU_00640285_0","RecordGUID":"{46333952-a932-e6ad-0755-685d5e9dc860}","SourceRemark":[{"@Key":"Vrijwilliger","Value":"Demogen Vlaams-Brabant en Brussel (project hubru19b)"},{"@Key":"Provenance","Value":"DemogenBrussel19b.mdb > mdb-export > abl\/demogen\/csv2a2a.pl"}]}}