{"Person":[{"@pid":"Person702756","PersonName":{"PersonNameFirstName":"Henri","PersonNameLastName":"Vandersanden"},"Gender":"Man","Residence":{"Place":"Ixelles"},"BirthDate":{"Year":"1876","Month":"11","Day":"21"},"BirthPlace":{"Country":"Belgi\u00eb","Place":"Ixelles"},"Profession":"employ\u00e9 communal"},{"@pid":"Person1423956","PersonName":{"PersonNameFirstName":"Marie F\u00e9licie","PersonNameLastName":"Jacobs"},"Gender":"Vrouw","Residence":{"Place":"Ixelles"},"BirthDate":{"Year":"1872","Month":"12","Day":"22"},"BirthPlace":{"Country":"Belgi\u00eb","Place":"Ixelles"},"Profession":"ma\u00eetresse de modes","PersonRemark":{"@Key":"Opmerking","Value":"ma\u00eetresse de modes \u00e0 l'\u00e9cole professionnelle d'Ixelles"}},{"@pid":"Person2145156","PersonName":{"PersonNameFirstName":"Jean Baptiste Sixte","PersonNameLastName":"Vandersanden"},"Gender":"Man"},{"@pid":"Person2807176","PersonName":{"PersonNameFirstName":"Elisabeth","PersonNameLastName":"Jacobs"},"Gender":"Vrouw"},{"@pid":"Person3528376","PersonName":{"PersonNameFirstName":"Alexandre Louis Joseph","PersonNameLastName":"Jacobs"},"Gender":"Man","Residence":{"Place":"Ixelles"},"Profession":"boucher"},{"@pid":"Person4249576","PersonName":{"PersonNameFirstName":"Maria","PersonNameLastName":"Dela Rocca"},"Gender":"Vrouw","Residence":{"Place":"Ixelles"}},{"@pid":"Person6767346","PersonName":{"PersonNameFirstName":"Jean Baptiste","PersonNameLastName":"Bercas"},"Gender":"Man","Residence":{"Place":"Ixelles"},"Age":{"PersonAgeYears":"49"},"Profession":"employ\u00e9"},{"@pid":"Person6767356","PersonName":{"PersonNameFirstName":"Eug\u00e8ne","PersonNameLastName":"Jacobs"},"Gender":"Man","Residence":{"Place":"Ixelles"},"Age":{"PersonAgeYears":"31"},"Profession":"employ\u00e9"},{"@pid":"Person6767366","PersonName":{"PersonNameFirstName":"Etienne","PersonNameLastName":"Vandersanden"},"Gender":"Man","Residence":{"Place":"Ixelles"},"Age":{"PersonAgeYears":"35"},"Profession":"tonnelier"},{"@pid":"Person6767376","PersonName":{"PersonNameFirstName":"Joseph","PersonNameLastName":"Vandersanden"},"Gender":"Man","Residence":{"Place":"Ixelles"},"Age":{"PersonAgeYears":"33"},"Profession":"gantier"}],"Event":{"@eid":"Event1","EventType":"Huwelijk","EventDate":{"Year":"1901","Month":"12","Day":"16"},"EventPlace":{"Country":"Belgi\u00eb","Place":"Elsene"}},"RelationEP":[{"PersonKeyRef":"Person702756","EventKeyRef":"Event1","RelationType":"Bruidegom"},{"PersonKeyRef":"Person1423956","EventKeyRef":"Event1","RelationType":"Bruid"},{"PersonKeyRef":"Person2145156","EventKeyRef":"Event1","RelationType":"Vader van de bruidegom"},{"PersonKeyRef":"Person2807176","EventKeyRef":"Event1","RelationType":"Moeder van de bruidegom"},{"PersonKeyRef":"Person3528376","EventKeyRef":"Event1","RelationType":"Vader van de bruid"},{"PersonKeyRef":"Person4249576","EventKeyRef":"Event1","RelationType":"Moeder van de bruid"},{"PersonKeyRef":"Person6767346","EventKeyRef":"Event1","RelationType":"Getuige"},{"PersonKeyRef":"Person6767356","EventKeyRef":"Event1","RelationType":"Getuige"},{"PersonKeyRef":"Person6767366","EventKeyRef":"Event1","RelationType":"Getuige"},{"PersonKeyRef":"Person6767376","EventKeyRef":"Event1","RelationType":"Getuige"}],"Source":{"SourcePlace":{"Country":"Belgi\u00eb","Place":"Leuven"},"SourceIndexDate":{"From":"1796-01-01","To":"1919-12-31"},"SourceDate":{"Year":"1901","Month":"12","Day":"16"},"SourceType":"BS Huwelijk","SourceReference":{"Place":"Leuven","InstitutionName":"Rijksarchief Belgi\u00eb (Brussel)","Collection":"Burgerlijke stand Brussel","DocumentNumber":"602"},"SourceAvailableScans":{"Scan":{"OrderSequenceNumber":"1","UriViewer":"https:\/\/www.familysearch.org\/ark:\/61903\/3:1:9392-819M-KN?i=591&wc=STVN-C68%3A966886201%2C1489817273&cc=1482191"}},"SourceLastChangeDate":"2023-06-23","SourceDigitalOriginal":"https:\/\/search.arch.be\/nl\/zoeken-naar-personen\/zoekresultaat\/weergave\/akte\/id\/HUBRU_00670001_0","RecordIdentifier":"HUBRU_00670001_0","RecordGUID":"{45b0ac46-72be-b51b-9938-3e7ec6c5976f}","SourceRemark":[{"@Key":"Opmerking","Value":"Huwelijkscontract bij notaris De Ti\u00e8ge te Bruxelles op 26\/11\/1901"},{"@Key":"Vrijwilliger","Value":"Demogen Vlaams-Brabant en Brussel (project hubru20)"},{"@Key":"Provenance","Value":"DemogenBrussel20.mdb > mdb-export > abl\/demogen\/csv2a2a.pl"}]}}