{"Person":[{"@pid":"Person50246","PersonName":{"PersonNameFirstName":"Guillaume","PersonNameLastName":"Schmidt"},"Gender":"Man","Residence":{"Place":"Frankfurt am Main, Deutschland"},"BirthDate":{"Year":"1876","Month":"3","Day":"29"},"BirthPlace":{"Country":"Belgi\u00eb","Place":"Beuerbach, Rheinische Preu\u00dfen, Deutschland"},"Profession":"ma\u00eftre d'h\u00f4tel","PersonRemark":{"@Key":"Opmerking","Value":"r\u00e9sidant \u00e0 Bruxelles, rue des Riches Claires 10;"}},{"@pid":"Person771446","PersonName":{"PersonNameFirstName":"Pauline Prudence","PersonNameLastName":"Bollaert"},"Gender":"Vrouw","Residence":{"Place":"Bruxelles"},"BirthDate":{"Year":"1877","Month":"8","Day":"7"},"BirthPlace":{"Country":"Belgi\u00eb","Place":"Heusden"},"Profession":"ouvri\u00e8re modiste"},{"@pid":"Person1492646","PersonName":{"PersonNameFirstName":"Philippe Jean","PersonNameLastName":"Schmidt"},"Gender":"Man"},{"@pid":"Person2214526","PersonName":{"PersonNameFirstName":"Augusta","PersonNameLastName":"Schegg"},"Gender":"Vrouw"},{"@pid":"Person2935726","PersonName":{"PersonNameFirstName":"Fran\u00e7ois","PersonNameLastName":"Bollaert"},"Gender":"Man"},{"@pid":"Person3656926","PersonName":{"PersonNameFirstName":"S\u00e9raphine","PersonNameLastName":"Van Rysselberghe"},"Gender":"Vrouw","Residence":{"Place":"Heusden"},"Profession":"modiste"},{"@pid":"Person4880586","PersonName":{"PersonNameFirstName":"Charles","PersonNameLastName":"Zilles"},"Gender":"Man","Residence":{"Place":"Bruxelles"},"Age":{"PersonAgeYears":"28"},"Profession":"employ\u00e9"},{"@pid":"Person4880596","PersonName":{"PersonNameFirstName":"Th\u00e9odore","PersonNameLastName":"Siebert"},"Gender":"Man","Residence":{"Place":"Bruxelles"},"Age":{"PersonAgeYears":"38"},"Profession":"h\u00f4telier"},{"@pid":"Person4880606","PersonName":{"PersonNameFirstName":"Otto","PersonNameLastName":"Bautz"},"Gender":"Man","Residence":{"Place":"Bruxelles"},"Age":{"PersonAgeYears":"29"},"Profession":"coiffeur"},{"@pid":"Person4880616","PersonName":{"PersonNameFirstName":"Jean","PersonNameLastName":"Samin"},"Gender":"Man","Residence":{"Place":"Bruxelles"},"Age":{"PersonAgeYears":"51"},"Profession":"journalier"}],"Event":{"@eid":"Event1","EventType":"Huwelijk","EventDate":{"Year":"1901","Month":"3","Day":"18"},"EventPlace":{"Country":"Belgi\u00eb","Place":"Brussel"}},"RelationEP":[{"PersonKeyRef":"Person50246","EventKeyRef":"Event1","RelationType":"Bruidegom"},{"PersonKeyRef":"Person771446","EventKeyRef":"Event1","RelationType":"Bruid"},{"PersonKeyRef":"Person1492646","EventKeyRef":"Event1","RelationType":"Vader van de bruidegom"},{"PersonKeyRef":"Person2214526","EventKeyRef":"Event1","RelationType":"Moeder van de bruidegom"},{"PersonKeyRef":"Person2935726","EventKeyRef":"Event1","RelationType":"Vader van de bruid"},{"PersonKeyRef":"Person3656926","EventKeyRef":"Event1","RelationType":"Moeder van de bruid"},{"PersonKeyRef":"Person4880586","EventKeyRef":"Event1","RelationType":"Getuige"},{"PersonKeyRef":"Person4880596","EventKeyRef":"Event1","RelationType":"Getuige"},{"PersonKeyRef":"Person4880606","EventKeyRef":"Event1","RelationType":"Getuige"},{"PersonKeyRef":"Person4880616","EventKeyRef":"Event1","RelationType":"Getuige"}],"Source":{"SourcePlace":{"Country":"Belgi\u00eb","Place":"Leuven"},"SourceIndexDate":{"From":"1796-01-01","To":"1919-12-31"},"SourceDate":{"Year":"1901","Month":"3","Day":"18"},"SourceType":"BS Huwelijk","SourceReference":{"Place":"Leuven","InstitutionName":"Rijksarchief Belgi\u00eb (Brussel)","Collection":"Burgerlijke stand Brussel","DocumentNumber":"436"},"SourceLastChangeDate":"2023-06-23","SourceDigitalOriginal":"https:\/\/search.arch.be\/nl\/zoeken-naar-personen\/zoekresultaat\/weergave\/akte\/id\/HUBRU_00373943_0","RecordIdentifier":"HUBRU_00373943_0","RecordGUID":"{437f00df-799a-29f3-1c28-dad52dcabc79}","SourceRemark":[{"@Key":"Vrijwilliger","Value":"Demogen Vlaams-Brabant en Brussel (project hubru20)"},{"@Key":"Provenance","Value":"DemogenBrussel20.mdb > mdb-export > abl\/demogen\/csv2a2a.pl"}]}}