{"Person":[{"@pid":"Person1241894","PersonName":{"PersonNameFirstName":"Fran\u00e7ois","PersonNameLastName":"Jenau"},"Gender":"Man","Residence":{"Place":"Bruxelles"},"BirthDate":{"Year":"1867","Month":"9","Day":"20"},"BirthPlace":{"Country":"Belgi\u00eb","Place":"Bruxelles"},"Profession":"tapissier"},{"@pid":"Person2628034","PersonName":{"PersonNameFirstName":"Marie Louise","PersonNameLastName":"Uytterelst"},"Gender":"Vrouw","Residence":{"Place":"Saint-Josse-ten-Node"},"BirthDate":{"Year":"1870","Month":"9","Day":"14"},"BirthPlace":{"Country":"Belgi\u00eb","Place":"Bruxelles"},"Profession":"tailleuse"},{"@pid":"Person3744934","PersonName":{"PersonNameFirstName":"Charles","PersonNameLastName":"Jenau"},"Gender":"Man","Residence":{"Place":"Bruxelles"},"Age":{"PersonAgeYears":"66"},"Profession":"tailleur"},{"@pid":"Person5131074","PersonName":{"PersonNameFirstName":"Marie","PersonNameLastName":"Danl\u00e9e"},"Gender":"Vrouw","Residence":{"Place":"Bruxelles"},"Age":{"PersonAgeYears":"66"},"Profession":"m\u00e9nag\u00e8re"},{"@pid":"Person6517214","PersonName":{"PersonNameFirstName":"Pierre","PersonNameLastName":"Uytterelst"},"Gender":"Man","PersonRemark":[{"@Key":"deat_date","Value":"1884-07-11"},{"@Key":"deat_plac","Value":"Bruxelles"}]},{"@pid":"Person7903354","PersonName":{"PersonNameFirstName":"Caroline","PersonNameLastName":"Serluppens"},"Gender":"Vrouw","Residence":{"Place":"Saint-Josse-ten-Node"},"Age":{"PersonAgeYears":"69"},"Profession":"menag\u00e8re"},{"@pid":"Person9141194","PersonName":{"PersonNameFirstName":"Jean Louis","PersonNameLastName":"Uytterelst>Jenau"},"Gender":"Man","BirthDate":{"Year":"1888","Month":"4","Day":"21"},"BirthPlace":{"Country":"Belgi\u00eb","Place":"Schaerbeek"}},{"@pid":"Person13118274","PersonName":{"PersonNameFirstName":"Pierre","PersonNameLastName":"Jenau"},"Gender":"Man","Residence":{"Place":"Bruxelles"},"Age":{"PersonAgeYears":"40"},"Profession":"tailleur"},{"@pid":"Person13118284","PersonName":{"PersonNameFirstName":"Jean","PersonNameLastName":"Peeters"},"Gender":"Man","Residence":{"Place":"Bruxelles"},"Age":{"PersonAgeYears":"43"},"Profession":"comptable"},{"@pid":"Person13118294","PersonName":{"PersonNameFirstName":"Jean","PersonNameLastName":"Vanden Meerssch"},"Gender":"Man","Residence":{"Place":"Schaerbeek"},"Age":{"PersonAgeYears":"30"},"Profession":"comptable"},{"@pid":"Person13118304","PersonName":{"PersonNameFirstName":"Paul","PersonNameLastName":"Jenau"},"Gender":"Man","Residence":{"Place":"Bruxelles"},"Age":{"PersonAgeYears":"22"},"Profession":"employ\u00e9"}],"Event":{"@eid":"Event1","EventType":"Huwelijk","EventDate":{"Year":"1895","Month":"6","Day":"1"},"EventPlace":{"Country":"Belgi\u00eb","Place":"Sint-Joost-ten-Node"}},"RelationEP":[{"PersonKeyRef":"Person1241894","EventKeyRef":"Event1","RelationType":"Bruidegom"},{"PersonKeyRef":"Person2628034","EventKeyRef":"Event1","RelationType":"Bruid"},{"PersonKeyRef":"Person3744934","EventKeyRef":"Event1","RelationType":"Vader van de bruidegom"},{"PersonKeyRef":"Person5131074","EventKeyRef":"Event1","RelationType":"Moeder van de bruidegom"},{"PersonKeyRef":"Person6517214","EventKeyRef":"Event1","RelationType":"Vader van de bruid"},{"PersonKeyRef":"Person7903354","EventKeyRef":"Event1","RelationType":"Moeder van de bruid"},{"PersonKeyRef":"Person9141194","EventKeyRef":"Event1","RelationType":"other:Gewettigd kind"},{"PersonKeyRef":"Person13118274","EventKeyRef":"Event1","RelationType":"Getuige"},{"PersonKeyRef":"Person13118284","EventKeyRef":"Event1","RelationType":"Getuige"},{"PersonKeyRef":"Person13118294","EventKeyRef":"Event1","RelationType":"Getuige"},{"PersonKeyRef":"Person13118304","EventKeyRef":"Event1","RelationType":"Getuige"}],"Source":{"SourcePlace":{"Country":"Belgi\u00eb","Place":"Leuven"},"SourceIndexDate":{"From":"1796-01-01","To":"1919-12-31"},"SourceDate":{"Year":"1895","Month":"6","Day":"1"},"SourceType":"BS Huwelijk","SourceReference":{"Place":"Leuven","InstitutionName":"Rijksarchief Belgi\u00eb (Brussel)","Collection":"Burgerlijke stand Brussel","DocumentNumber":"135"},"SourceLastChangeDate":"2023-06-23","SourceDigitalOriginal":"https:\/\/search.arch.be\/nl\/zoeken-naar-personen\/zoekresultaat\/weergave\/akte\/id\/HUBRU_00588431_0","RecordIdentifier":"HUBRU_00588431_0","RecordGUID":"{415bbf33-b0b8-3fb4-435d-f62346dd5bd8}","SourceRemark":[{"@Key":"Vrijwilliger","Value":"Demogen Vlaams-Brabant en Brussel (project hubru19b)"},{"@Key":"Provenance","Value":"DemogenBrussel19b.mdb > mdb-export > abl\/demogen\/csv2a2a.pl"}]}}