{"Person":[{"@pid":"Person85844","PersonName":{"PersonNameFirstName":"Englebert Augustin","PersonNameLastName":"Thyssens"},"Gender":"Man","Residence":{"Place":"Bruxelles"},"BirthDate":{"Year":"1848","Month":"10","Day":"18"},"BirthPlace":{"Country":"Belgi\u00eb","Place":"Hever"},"Profession":"carrossier"},{"@pid":"Person1471984","PersonName":{"PersonNameFirstName":"Marie Th\u00e9r\u00e8se","PersonNameLastName":"Verheyen"},"Gender":"Vrouw","Residence":{"Place":"Bruxelles"},"BirthDate":{"Year":"1846","Month":"2","Day":"25"},"BirthPlace":{"Country":"Belgi\u00eb","Place":"Diest"},"Profession":"servante"},{"@pid":"Person2861734","PersonName":{"PersonNameFirstName":"Joseph","PersonNameLastName":"Thyssens"},"Gender":"Man"},{"@pid":"Person4247874","PersonName":{"PersonNameFirstName":"Marie Th\u00e9r\u00e8se","PersonNameLastName":"Waeyenborghs"},"Gender":"Vrouw","Residence":{"Place":"Bruxelles"},"Profession":"cabareti\u00e8re"},{"@pid":"Person5634014","PersonName":{"PersonNameFirstName":"Jean Fran\u00e7ois","PersonNameLastName":"Verheyen"},"Gender":"Man","Residence":{"Place":"Diest"},"Profession":"cultivateur"},{"@pid":"Person7020154","PersonName":{"PersonNameFirstName":"Marie Elisabeth","PersonNameLastName":"Jaenen"},"Gender":"Vrouw","Residence":{"Place":"Diest"}},{"@pid":"Person8892084","PersonName":{"PersonNameFirstName":"Valentine","PersonNameLastName":"Verheyen>Thyssens"},"Gender":"Vrouw","BirthDate":{"Year":"1870","Month":"10","Day":"6"},"BirthPlace":{"Country":"Belgi\u00eb","Place":"Bruxelles"}},{"@pid":"Person9602724","PersonName":{"PersonNameFirstName":"Michel","PersonNameLastName":"Vander helts"},"Gender":"Man","Residence":{"Place":"Bruxelles"},"Age":{"PersonAgeYears":"25"},"Profession":"ferblantier","PersonRemark":{"@Key":"Opmerking","Value":"getekend: Vander heltz"}},{"@pid":"Person9602734","PersonName":{"PersonNameFirstName":"Jean","PersonNameLastName":"Debacker"},"Gender":"Man","Residence":{"Place":"Bruxelles"},"Age":{"PersonAgeYears":"32"},"Profession":"journalier"},{"@pid":"Person9602744","PersonName":{"PersonNameFirstName":"Pierre","PersonNameLastName":"Debacker"},"Gender":"Man","Residence":{"Place":"Bruxelles"},"Age":{"PersonAgeYears":"27"},"Profession":"journalier"},{"@pid":"Person9602754","PersonName":{"PersonNameFirstName":"Jean","PersonNameLastName":"Thyssens"},"Gender":"Man","Residence":{"Place":"Bruxelles"},"Age":{"PersonAgeYears":"25"},"Profession":"menuisier"}],"Event":{"@eid":"Event1","EventType":"Huwelijk","EventDate":{"Year":"1871","Month":"2","Day":"4"},"EventPlace":{"Country":"Belgi\u00eb","Place":"Brussel"}},"RelationEP":[{"PersonKeyRef":"Person85844","EventKeyRef":"Event1","RelationType":"Bruidegom"},{"PersonKeyRef":"Person1471984","EventKeyRef":"Event1","RelationType":"Bruid"},{"PersonKeyRef":"Person2861734","EventKeyRef":"Event1","RelationType":"Vader van de bruidegom"},{"PersonKeyRef":"Person4247874","EventKeyRef":"Event1","RelationType":"Moeder van de bruidegom"},{"PersonKeyRef":"Person5634014","EventKeyRef":"Event1","RelationType":"Vader van de bruid"},{"PersonKeyRef":"Person7020154","EventKeyRef":"Event1","RelationType":"Moeder van de bruid"},{"PersonKeyRef":"Person8892084","EventKeyRef":"Event1","RelationType":"other:Gewettigd kind"},{"PersonKeyRef":"Person9602724","EventKeyRef":"Event1","RelationType":"Getuige"},{"PersonKeyRef":"Person9602734","EventKeyRef":"Event1","RelationType":"Getuige"},{"PersonKeyRef":"Person9602744","EventKeyRef":"Event1","RelationType":"Getuige"},{"PersonKeyRef":"Person9602754","EventKeyRef":"Event1","RelationType":"Getuige"}],"Source":{"SourcePlace":{"Country":"Belgi\u00eb","Place":"Leuven"},"SourceIndexDate":{"From":"1796-01-01","To":"1919-12-31"},"SourceDate":{"Year":"1871","Month":"2","Day":"4"},"SourceType":"BS Huwelijk","SourceReference":{"Place":"Leuven","InstitutionName":"Rijksarchief Belgi\u00eb (Brussel)","Collection":"Burgerlijke stand Brussel","DocumentNumber":"148"},"SourceAvailableScans":{"Scan":{"OrderSequenceNumber":"1","UriViewer":"https:\/\/www.familysearch.org\/ark:\/61903\/3:1:9392-HTS8-HS?i=651&cc=1482191&cat=147201"}},"SourceLastChangeDate":"2023-06-23","SourceDigitalOriginal":"https:\/\/search.arch.be\/nl\/zoeken-naar-personen\/zoekresultaat\/weergave\/akte\/id\/HUBRU_00346484_0","RecordIdentifier":"HUBRU_00346484_0","RecordGUID":"{3d577b19-7f08-9734-b85e-7b4d940b7592}","SourceRemark":[{"@Key":"Vrijwilliger","Value":"Demogen Vlaams-Brabant en Brussel (project hubru19b)"},{"@Key":"Provenance","Value":"DemogenBrussel19b.mdb > mdb-export > abl\/demogen\/csv2a2a.pl"}]}}