{"Person":[{"@pid":"Person77776","PersonName":{"PersonNameFirstName":"Charles","PersonNameLastName":"Meurice"},"Gender":"Man","Residence":{"Place":"Molenbeek-Saint-Jean"},"BirthDate":{"Year":"1880","Month":"3","Day":"8"},"BirthPlace":{"Country":"Belgi\u00eb","Place":"Molenbeek-Saint-Jean"},"Profession":"coiffeur"},{"@pid":"Person798976","PersonName":{"PersonNameFirstName":"Emilie Anne","PersonNameLastName":"Gybels"},"Gender":"Vrouw","Residence":{"Place":"Bruxelles"},"BirthDate":{"Year":"1876","Month":"6","Day":"7"},"BirthPlace":{"Country":"Belgi\u00eb","Place":"Saint-Josse-ten-Node"},"Profession":"institutrice priv\u00e9e"},{"@pid":"Person1520176","PersonName":{"PersonNameFirstName":"Joseph Dieudonn\u00e9","PersonNameLastName":"Meurice"},"Gender":"Man","Residence":{"Place":"Molenbeek-Saint-Jean"},"Profession":"\u00e9b\u00e9niste"},{"@pid":"Person2205106","PersonName":{"PersonNameFirstName":"Marie Jos\u00e9phine","PersonNameLastName":"Mordant"},"Gender":"Vrouw","Residence":{"Place":"Molenbeek-Saint-Jean"}},{"@pid":"Person2926306","PersonName":{"PersonNameFirstName":"Renier Emile","PersonNameLastName":"Gybels"},"Gender":"Man"},{"@pid":"Person3647506","PersonName":{"PersonNameFirstName":"Jeanne","PersonNameLastName":"Van Aerschot"},"Gender":"Vrouw","Residence":{"Place":"Saint-Josse-ten-Node"},"Profession":"blanchisseuse de linge"},{"@pid":"Person4845046","PersonName":{"PersonNameFirstName":"Prosper","PersonNameLastName":"Van Aerschot"},"Gender":"Man","Residence":{"Place":"Lille"},"Age":{"PersonAgeYears":"41"},"Profession":"cordonnier"},{"@pid":"Person4845056","PersonName":{"PersonNameFirstName":"Hector","PersonNameLastName":"Gybels"},"Gender":"Man","Residence":{"Place":"Bruxelles"},"Age":{"PersonAgeYears":"23"},"Profession":"employ\u00e9"},{"@pid":"Person4845066","PersonName":{"PersonNameFirstName":"L\u00e9on","PersonNameLastName":"Dusart"},"Gender":"Man","Residence":{"Place":"Saint-Josse-ten-Node"},"Age":{"PersonAgeYears":"32"},"Profession":"employ\u00e9"},{"@pid":"Person4845076","PersonName":{"PersonNameFirstName":"Albert","PersonNameLastName":"Judenne"},"Gender":"Man","Residence":{"Place":"Bruxelles"},"Age":{"PersonAgeYears":"54"},"Profession":"employ\u00e9"}],"Event":{"@eid":"Event1","EventType":"Huwelijk","EventDate":{"Year":"1902","Month":"5","Day":"17"},"EventPlace":{"Country":"Belgi\u00eb","Place":"Brussel"}},"RelationEP":[{"PersonKeyRef":"Person77776","EventKeyRef":"Event1","RelationType":"Bruidegom"},{"PersonKeyRef":"Person798976","EventKeyRef":"Event1","RelationType":"Bruid"},{"PersonKeyRef":"Person1520176","EventKeyRef":"Event1","RelationType":"Vader van de bruidegom"},{"PersonKeyRef":"Person2205106","EventKeyRef":"Event1","RelationType":"Moeder van de bruidegom"},{"PersonKeyRef":"Person2926306","EventKeyRef":"Event1","RelationType":"Vader van de bruid"},{"PersonKeyRef":"Person3647506","EventKeyRef":"Event1","RelationType":"Moeder van de bruid"},{"PersonKeyRef":"Person4845046","EventKeyRef":"Event1","RelationType":"Getuige"},{"PersonKeyRef":"Person4845056","EventKeyRef":"Event1","RelationType":"Getuige"},{"PersonKeyRef":"Person4845066","EventKeyRef":"Event1","RelationType":"Getuige"},{"PersonKeyRef":"Person4845076","EventKeyRef":"Event1","RelationType":"Getuige"}],"Source":{"SourcePlace":{"Country":"Belgi\u00eb","Place":"Leuven"},"SourceIndexDate":{"From":"1796-01-01","To":"1919-12-31"},"SourceDate":{"Year":"1902","Month":"5","Day":"17"},"SourceType":"BS Huwelijk","SourceReference":{"Place":"Leuven","InstitutionName":"Rijksarchief Belgi\u00eb (Brussel)","Collection":"Burgerlijke stand Brussel","DocumentNumber":"843"},"SourceLastChangeDate":"2023-06-23","SourceDigitalOriginal":"https:\/\/search.arch.be\/nl\/zoeken-naar-personen\/zoekresultaat\/weergave\/akte\/id\/HUBRU_00367383_0","RecordIdentifier":"HUBRU_00367383_0","RecordGUID":"{31df5a34-aa32-00ae-b056-46ae9efe14e1}","SourceRemark":[{"@Key":"Vrijwilliger","Value":"Demogen Vlaams-Brabant en Brussel (project hubru20)"},{"@Key":"Provenance","Value":"DemogenBrussel20.mdb > mdb-export > abl\/demogen\/csv2a2a.pl"}]}}