{"Person":[{"@pid":"Person67563","PersonName":{"PersonNameFirstName":"Claude","PersonNameLastName":"Barbe"},"Gender":"Man","Residence":{"Place":"Bruxelles"},"Age":{"PersonAgeYears":"23","PersonAgeMonths":"6"},"BirthDate":{"Year":"1774","Month":"4","Day":"18"},"BirthPlace":{"Country":"Belgi\u00eb","Place":"Vielverge, cant. de Pontailles, d\u00e9pt. Cote d'Or"},"Profession":"caporal","PersonRemark":{"@Key":"Opmerking","Value":"caporal des grenadiers au deuxi\u00e8me Bataillon de la soixante sixi\u00e8me te demie Brigade en garnison en cette commune"}},{"@pid":"Person1269423","PersonName":{"PersonNameFirstName":"Martine Reine Josephe","PersonNameLastName":"Lemal"},"Gender":"Vrouw","Residence":{"Place":"Bruxelles"},"Age":{"PersonAgeYears":"23","PersonAgeMonths":"8"},"BirthDate":{"Year":"1774","Month":"2","Day":"6"},"BirthPlace":{"Country":"Belgi\u00eb","Place":"Jemappes, cant. de Jemappes"}},{"@pid":"Person2523163","PersonName":{"PersonNameFirstName":"Jean Baptiste","PersonNameLastName":"Barbe"},"Gender":"Man"},{"@pid":"Person3725023","PersonName":{"PersonNameFirstName":"Jeanne","PersonNameLastName":"Guyot"},"Gender":"Vrouw","Residence":{"Place":"Soissons, d\u00e9pt. de la Cote d'Or"}},{"@pid":"Person4926883","PersonName":{"PersonNameFirstName":"Nicolas Joseph","PersonNameLastName":"Lemal"},"Gender":"Man"},{"@pid":"Person6128743","PersonName":{"PersonNameFirstName":"Marie Rolende Josephe","PersonNameLastName":"La Lieux"},"Gender":"Vrouw"},{"@pid":"Person8347203","PersonName":{"PersonNameFirstName":"Jean Charles Aimable","PersonNameLastName":"Du Boc"},"Gender":"Man","Age":{"PersonAgeYears":"27"},"Profession":"volontaire"},{"@pid":"Person8347213","PersonName":{"PersonNameFirstName":"Fran\u00e7ois","PersonNameLastName":"Collin"},"Gender":"Man","Age":{"PersonAgeYears":"23"},"Profession":"caporal"},{"@pid":"Person8347223","PersonName":{"PersonNameFirstName":"Fran\u00e7ois","PersonNameLastName":"Repichet"},"Gender":"Man","Age":{"PersonAgeYears":"31"},"Profession":"chef armurier"},{"@pid":"Person8347233","PersonName":{"PersonNameFirstName":"Fran\u00e7ois","PersonNameLastName":"De Rat"},"Gender":"Man","Age":{"PersonAgeYears":"21"},"Profession":"caporal des grenadiers du dit 2\u00e8me Bataillon"}],"Event":{"@eid":"Event1","EventType":"Huwelijk","EventDate":{"Year":"1797","Month":"11","Day":"1"},"EventPlace":{"Country":"Belgi\u00eb","Place":"Brussel"}},"RelationEP":[{"PersonKeyRef":"Person67563","EventKeyRef":"Event1","RelationType":"Bruidegom"},{"PersonKeyRef":"Person1269423","EventKeyRef":"Event1","RelationType":"Bruid"},{"PersonKeyRef":"Person2523163","EventKeyRef":"Event1","RelationType":"Vader van de bruidegom"},{"PersonKeyRef":"Person3725023","EventKeyRef":"Event1","RelationType":"Moeder van de bruidegom"},{"PersonKeyRef":"Person4926883","EventKeyRef":"Event1","RelationType":"Vader van de bruid"},{"PersonKeyRef":"Person6128743","EventKeyRef":"Event1","RelationType":"Moeder van de bruid"},{"PersonKeyRef":"Person8347203","EventKeyRef":"Event1","RelationType":"Getuige"},{"PersonKeyRef":"Person8347213","EventKeyRef":"Event1","RelationType":"Getuige"},{"PersonKeyRef":"Person8347223","EventKeyRef":"Event1","RelationType":"Getuige"},{"PersonKeyRef":"Person8347233","EventKeyRef":"Event1","RelationType":"Getuige"}],"Source":{"SourcePlace":{"Country":"Belgi\u00eb","Place":"Leuven"},"SourceIndexDate":{"From":"1796-01-01","To":"1919-12-31"},"SourceDate":{"Year":"1797","Month":"11","Day":"1"},"SourceType":"BS Huwelijk","SourceReference":{"Place":"Leuven","InstitutionName":"Rijksarchief Belgi\u00eb (Brussel)","Collection":"Burgerlijke stand Brussel","DocumentNumber":"62"},"SourceLastChangeDate":"2023-06-23","SourceDigitalOriginal":"https:\/\/search.arch.be\/nl\/zoeken-naar-personen\/zoekresultaat\/weergave\/akte\/id\/HUBRU_00219368_0","RecordIdentifier":"HUBRU_00219368_0","RecordGUID":"{2cfa6577-29b5-e70f-95fe-6221e4b6ea79}","SourceRemark":[{"@Key":"Vrijwilliger","Value":"Demogen Vlaams-Brabant en Brussel (project hubru19a)"},{"@Key":"Provenance","Value":"DemogenBrussel19a.mdb > mdb-export > abl\/demogen\/csv2a2a.pl"}]}}