{"Person":[{"@pid":"Person85413","PersonName":{"PersonNameFirstName":"Fran\u00e7ois Joseph","PersonNameLastName":"Medts"},"Gender":"Man","Residence":{"Place":"Bruxelles"},"Age":{"PersonAgeYears":"22"},"BirthDate":{"Year":"1779","Month":"5","Day":"27"},"BirthPlace":{"Country":"Belgi\u00eb","Place":"Bruxelles"},"Profession":"peintre"},{"@pid":"Person1287273","PersonName":{"PersonNameFirstName":"Marie Magdeleine","PersonNameLastName":"Van den Bosch"},"Gender":"Vrouw","Residence":{"Place":"Bruxelles"},"Age":{"PersonAgeYears":"23"},"BirthDate":{"Year":"1778","Month":"4","Day":"18"},"BirthPlace":{"Country":"Belgi\u00eb","Place":"Bruxelles"}},{"@pid":"Person2513943","PersonName":{"PersonNameFirstName":"Jean Fran\u00e7ois","PersonNameLastName":"Medts"},"Gender":"Man"},{"@pid":"Person3715803","PersonName":{"PersonNameFirstName":"Marie Josephine","PersonNameLastName":"Vervoort"},"Gender":"Vrouw"},{"@pid":"Person4917663","PersonName":{"PersonNameFirstName":"Jean Pierre","PersonNameLastName":"Van den Bosch"},"Gender":"Man"},{"@pid":"Person6119523","PersonName":{"PersonNameFirstName":"Marie","PersonNameLastName":"de Beer"},"Gender":"Vrouw"},{"@pid":"Person7742053","PersonName":{"PersonNameFirstName":"Jeanne Marie","PersonNameLastName":"Van den Bosch>Medts"},"Gender":"Vrouw","BirthDate":{"Year":"1801","Month":"11","Day":"8"},"PersonRemark":{"@Key":"Opmerking","Value":"n\u00e9e le dix sept Brumaire an dix \u00e0 deux heures de relev\u00e9e"}},{"@pid":"Person8313353","PersonName":{"PersonNameFirstName":"Charles","PersonNameLastName":"Klaij"},"Gender":"Man","Residence":{"Place":"Bruxelles, vieux march\u00e9 aux lins"},"Age":{"PersonAgeYears":"65"},"Profession":"tailleur"},{"@pid":"Person8313363","PersonName":{"PersonNameFirstName":"Philippe","PersonNameLastName":"Van Meerbeeck"},"Gender":"Man","Residence":{"Place":"Bruxelles"},"Age":{"PersonAgeYears":"30"},"Profession":"cordonnier"},{"@pid":"Person8313373","PersonName":{"PersonNameFirstName":"Jacques","PersonNameLastName":"De Mon"},"Gender":"Man","Residence":{"Place":"Bruxelles"},"Age":{"PersonAgeYears":"32"},"Profession":"tailleur"},{"@pid":"Person8313383","PersonName":{"PersonNameFirstName":"Fran\u00e7ois","PersonNameLastName":"Becq"},"Gender":"Man","Residence":{"Place":"Bruxelles"},"Age":{"PersonAgeYears":"30"}}],"Event":{"@eid":"Event1","EventType":"Huwelijk","EventDate":{"Year":"1801","Month":"11","Day":"24"},"EventPlace":{"Country":"Belgi\u00eb","Place":"Brussel"}},"RelationEP":[{"PersonKeyRef":"Person85413","EventKeyRef":"Event1","RelationType":"Bruidegom"},{"PersonKeyRef":"Person1287273","EventKeyRef":"Event1","RelationType":"Bruid"},{"PersonKeyRef":"Person2513943","EventKeyRef":"Event1","RelationType":"Vader van de bruidegom"},{"PersonKeyRef":"Person3715803","EventKeyRef":"Event1","RelationType":"Moeder van de bruidegom"},{"PersonKeyRef":"Person4917663","EventKeyRef":"Event1","RelationType":"Vader van de bruid"},{"PersonKeyRef":"Person6119523","EventKeyRef":"Event1","RelationType":"Moeder van de bruid"},{"PersonKeyRef":"Person7742053","EventKeyRef":"Event1","RelationType":"other:Gewettigd kind"},{"PersonKeyRef":"Person8313353","EventKeyRef":"Event1","RelationType":"Getuige"},{"PersonKeyRef":"Person8313363","EventKeyRef":"Event1","RelationType":"Getuige"},{"PersonKeyRef":"Person8313373","EventKeyRef":"Event1","RelationType":"Getuige"},{"PersonKeyRef":"Person8313383","EventKeyRef":"Event1","RelationType":"Getuige"}],"Source":{"SourcePlace":{"Country":"Belgi\u00eb","Place":"Leuven"},"SourceIndexDate":{"From":"1796-01-01","To":"1919-12-31"},"SourceDate":{"Year":"1801","Month":"11","Day":"24"},"SourceType":"BS Huwelijk","SourceReference":{"Place":"Leuven","InstitutionName":"Rijksarchief Belgi\u00eb (Brussel)","Collection":"Burgerlijke stand Brussel","DocumentNumber":"61"},"SourceLastChangeDate":"2023-06-23","SourceDigitalOriginal":"https:\/\/search.arch.be\/nl\/zoeken-naar-personen\/zoekresultaat\/weergave\/akte\/id\/HUBRU_00197026_0","RecordIdentifier":"HUBRU_00197026_0","RecordGUID":"{23871728-c409-ca56-3fbd-fe9f9d15d063}","SourceRemark":[{"@Key":"Vrijwilliger","Value":"Demogen Vlaams-Brabant en Brussel (project hubru19a)"},{"@Key":"Provenance","Value":"DemogenBrussel19a.mdb > mdb-export > abl\/demogen\/csv2a2a.pl"}]}}