{"Person":[{"@pid":"Person574416","PersonName":{"PersonNameFirstName":"Constant","PersonNameLastName":"Wittinck"},"Gender":"Man","Residence":{"Place":"Sint-Jans-Molenbeek"},"BirthDate":{"Year":"1878","Month":"3","Day":"5"},"BirthPlace":{"Country":"Belgi\u00eb","Place":"Molenbeek-Saint-Jean"},"Profession":"serrurier"},{"@pid":"Person1295616","PersonName":{"PersonNameFirstName":"L\u00e9onie Fran\u00e7oise","PersonNameLastName":"Wierinckx"},"Gender":"Vrouw","Residence":{"Place":"Saint-Josse-ten-Node"},"BirthDate":{"Year":"1875","Month":"10","Day":"12"},"BirthPlace":{"Country":"Belgi\u00eb","Place":"Kessel-Lo"},"Profession":"journali\u00e8re"},{"@pid":"Person2016816","PersonName":{"PersonNameFirstName":"Fran\u00e7ois","PersonNameLastName":"Wittinck"},"Gender":"Man"},{"@pid":"Person2745526","PersonName":{"PersonNameFirstName":"Am\u00e9lie","PersonNameLastName":"Beeckmans"},"Gender":"Vrouw","Residence":{"Place":"Molenbeek-Saint-Jean"},"Age":{"PersonAgeYears":"56"},"Profession":"journali\u00e8re"},{"@pid":"Person3466726","PersonName":{"PersonNameFirstName":"F\u00e9lix","PersonNameLastName":"Wierinckx"},"Gender":"Man"},{"@pid":"Person4187926","PersonName":{"PersonNameFirstName":"C\u00e9cile","PersonNameLastName":"Puttevils"},"Gender":"Vrouw","Residence":{"Place":"Kessel-Lo"},"Age":{"PersonAgeYears":"50"},"Profession":"menag\u00e8re"},{"@pid":"Person6542886","PersonName":{"PersonNameFirstName":"Pierre","PersonNameLastName":"Wittinck"},"Gender":"Man","Residence":{"Place":"Molenbeek-Saint-Jean"},"Age":{"PersonAgeYears":"22"},"Profession":"po\u00eblier"},{"@pid":"Person6542896","PersonName":{"PersonNameFirstName":"Fran\u00e7ois","PersonNameLastName":"Hernot"},"Gender":"Man","Residence":{"Place":"Molenbeek-Saint-Jean"},"Age":{"PersonAgeYears":"22"},"Profession":"gantier"},{"@pid":"Person6542906","PersonName":{"PersonNameFirstName":"Alphonse","PersonNameLastName":"Manquoij"},"Gender":"Man","Residence":{"Place":"Leuven"},"Age":{"PersonAgeYears":"30"},"Profession":"ajusteur"},{"@pid":"Person6542916","PersonName":{"PersonNameFirstName":"Emile","PersonNameLastName":"Wierinckx"},"Gender":"Man","Residence":{"Place":"Leuven"},"Age":{"PersonAgeYears":"25"},"Profession":"machiniste"}],"Event":{"@eid":"Event1","EventType":"Huwelijk","EventDate":{"Year":"1902","Month":"7","Day":"19"},"EventPlace":{"Country":"Belgi\u00eb","Place":"Sint-Joost-ten-Node"}},"RelationEP":[{"PersonKeyRef":"Person574416","EventKeyRef":"Event1","RelationType":"Bruidegom"},{"PersonKeyRef":"Person1295616","EventKeyRef":"Event1","RelationType":"Bruid"},{"PersonKeyRef":"Person2016816","EventKeyRef":"Event1","RelationType":"Vader van de bruidegom"},{"PersonKeyRef":"Person2745526","EventKeyRef":"Event1","RelationType":"Moeder van de bruidegom"},{"PersonKeyRef":"Person3466726","EventKeyRef":"Event1","RelationType":"Vader van de bruid"},{"PersonKeyRef":"Person4187926","EventKeyRef":"Event1","RelationType":"Moeder van de bruid"},{"PersonKeyRef":"Person6542886","EventKeyRef":"Event1","RelationType":"Getuige"},{"PersonKeyRef":"Person6542896","EventKeyRef":"Event1","RelationType":"Getuige"},{"PersonKeyRef":"Person6542906","EventKeyRef":"Event1","RelationType":"Getuige"},{"PersonKeyRef":"Person6542916","EventKeyRef":"Event1","RelationType":"Getuige"}],"Source":{"SourcePlace":{"Country":"Belgi\u00eb","Place":"Leuven"},"SourceIndexDate":{"From":"1796-01-01","To":"1919-12-31"},"SourceDate":{"Year":"1902","Month":"7","Day":"19"},"SourceType":"BS Huwelijk","SourceReference":{"Place":"Leuven","InstitutionName":"Rijksarchief Belgi\u00eb (Brussel)","Collection":"Burgerlijke stand Brussel","DocumentNumber":"197"},"SourceLastChangeDate":"2023-06-23","SourceDigitalOriginal":"https:\/\/search.arch.be\/nl\/zoeken-naar-personen\/zoekresultaat\/weergave\/akte\/id\/HUBRU_00655452_0","RecordIdentifier":"HUBRU_00655452_0","RecordGUID":"{0d054385-25e8-8541-4b54-e6c3fc95bc3b}","SourceRemark":[{"@Key":"Vrijwilliger","Value":"Demogen Vlaams-Brabant en Brussel (project hubru20)"},{"@Key":"Provenance","Value":"DemogenBrussel20.mdb > mdb-export > abl\/demogen\/csv2a2a.pl"}]}}