{"Person":[{"@pid":"Person1180304","PersonName":{"PersonNameFirstName":"Fran\u00e7ois Jacques","PersonNameLastName":"Dirckx"},"Gender":"Man","Residence":{"Place":"Molenbeek-Saint-Jean"},"BirthDate":{"Year":"1876","Month":"5","Day":"1"},"BirthPlace":{"Country":"Belgi\u00eb","Place":"Antwerpen"},"Profession":"tailleur d'habits"},{"@pid":"Person2566444","PersonName":{"PersonNameFirstName":"H\u00e9l\u00e8ne Hortense Marie","PersonNameLastName":"De Brandt"},"Gender":"Vrouw","Residence":{"Place":"Molenbeek-Saint-Jean"},"BirthDate":{"Year":"1875","Month":"2","Day":"19"},"BirthPlace":{"Country":"Belgi\u00eb","Place":"Saint-Josse-ten-Node"},"Profession":"sans profession"},{"@pid":"Person3807164","PersonName":{"PersonNameFirstName":"Fran\u00e7ois Henri","PersonNameLastName":"Dirckx"},"Gender":"Man","Residence":{"Place":"Molenbeek-Saint-Jean"},"Profession":"bijoutier"},{"@pid":"Person5193304","PersonName":{"PersonNameFirstName":"Anne Marie Perp\u00e9tue","PersonNameLastName":"Dierckx"},"Gender":"Vrouw","PersonRemark":{"@Key":"deat_plac","Value":"Antwerpen"}},{"@pid":"Person6579444","PersonName":{"PersonNameFirstName":"Isidore Thomas","PersonNameLastName":"De Brandt"},"Gender":"Man","Residence":{"Place":"Molenbeek-Saint-Jean"},"Profession":"pensionn\u00e9"},{"@pid":"Person7965584","PersonName":{"PersonNameFirstName":"Anne Marie Emilie","PersonNameLastName":"Van Obbergen"},"Gender":"Vrouw","Residence":{"Place":"Molenbeek-Saint-Jean"},"Profession":"sans profession"},{"@pid":"Person9158604","PersonName":{"PersonNameFirstName":"Jeanne Emilie","PersonNameLastName":"De Brandt>Dirckx"},"Gender":"Vrouw","BirthDate":{"Year":"1896","Month":"7","Day":"23"},"BirthPlace":{"Country":"Belgi\u00eb","Place":"Molenbeek-Saint-Jean"}},{"@pid":"Person13366374","PersonName":{"PersonNameFirstName":"Emile","PersonNameLastName":"De Brandt"},"Gender":"Man","Residence":{"Place":"Molenbeek-Saint-Jean"},"Age":{"PersonAgeYears":"27"},"Profession":"employ\u00e9"},{"@pid":"Person13366384","PersonName":{"PersonNameFirstName":"Prosper","PersonNameLastName":"De Brandt"},"Gender":"Man","Residence":{"Place":"Ixelles"},"Age":{"PersonAgeYears":"47"},"Profession":"employ\u00e9"},{"@pid":"Person13366394","PersonName":{"PersonNameFirstName":"Simon Pierre","PersonNameLastName":"Daveloos"},"Gender":"Man","Residence":{"Place":"Saint-Gilles"},"Age":{"PersonAgeYears":"47"},"Profession":"employ\u00e9"},{"@pid":"Person13366404","PersonName":{"PersonNameFirstName":"Alphonse","PersonNameLastName":"Heyman"},"Gender":"Man","Residence":{"Place":"Molenbeek-Saint-Jean"},"Age":{"PersonAgeYears":"28"},"Profession":"employ\u00e9"}],"Event":{"@eid":"Event1","EventType":"Huwelijk","EventDate":{"Year":"1897","Month":"11","Day":"6"},"EventPlace":{"Country":"Belgi\u00eb","Place":"Sint-Jans-Molenbeek"}},"RelationEP":[{"PersonKeyRef":"Person1180304","EventKeyRef":"Event1","RelationType":"Bruidegom"},{"PersonKeyRef":"Person2566444","EventKeyRef":"Event1","RelationType":"Bruid"},{"PersonKeyRef":"Person3807164","EventKeyRef":"Event1","RelationType":"Vader van de bruidegom"},{"PersonKeyRef":"Person5193304","EventKeyRef":"Event1","RelationType":"Moeder van de bruidegom"},{"PersonKeyRef":"Person6579444","EventKeyRef":"Event1","RelationType":"Vader van de bruid"},{"PersonKeyRef":"Person7965584","EventKeyRef":"Event1","RelationType":"Moeder van de bruid"},{"PersonKeyRef":"Person9158604","EventKeyRef":"Event1","RelationType":"other:Gewettigd kind"},{"PersonKeyRef":"Person13366374","EventKeyRef":"Event1","RelationType":"Getuige"},{"PersonKeyRef":"Person13366384","EventKeyRef":"Event1","RelationType":"Getuige"},{"PersonKeyRef":"Person13366394","EventKeyRef":"Event1","RelationType":"Getuige"},{"PersonKeyRef":"Person13366404","EventKeyRef":"Event1","RelationType":"Getuige"}],"Source":{"SourcePlace":{"Country":"Belgi\u00eb","Place":"Leuven"},"SourceIndexDate":{"From":"1796-01-01","To":"1919-12-31"},"SourceDate":{"Year":"1897","Month":"11","Day":"6"},"SourceType":"BS Huwelijk","SourceReference":{"Place":"Leuven","InstitutionName":"Rijksarchief Belgi\u00eb (Brussel)","Collection":"Burgerlijke stand Brussel","DocumentNumber":"510"},"SourceLastChangeDate":"2023-06-23","SourceDigitalOriginal":"https:\/\/search.arch.be\/nl\/zoeken-naar-personen\/zoekresultaat\/weergave\/akte\/id\/HUBRU_00601982_0","RecordIdentifier":"HUBRU_00601982_0","RecordGUID":"{00260750-7399-983e-222d-fff56d8aaa93}","SourceRemark":[{"@Key":"Vrijwilliger","Value":"Demogen Vlaams-Brabant en Brussel (project hubru19b)"},{"@Key":"Provenance","Value":"DemogenBrussel19b.mdb > mdb-export > abl\/demogen\/csv2a2a.pl"}]}}