{"Person":[{"@pid":"Person:95a81323-e63c-4760-4f2e-59af1918e0e8","PersonName":{"PersonNameFirstName":"Antoine","PersonNameLastName":"Ghysels"},"Gender":"Onbekend","Residence":{"Place":"Alost"},"Age":{"PersonAgeLiteral":"53"},"Profession":"cultivateur"},{"@pid":"Person:f3ab45f1-61fb-ea75-1d15-cac3b957b4b3","PersonName":{"PersonNameFirstName":"Jean Baptiste","PersonNameLastName":"Dielens"},"Gender":"Onbekend","Residence":{"Place":"Alost"},"Age":{"PersonAgeLiteral":"51"},"Profession":"tisserand"},{"@pid":"Person:05963061-362f-bc41-6a4b-80d897af619c","PersonName":{"PersonNameFirstName":"Adrien","PersonNameLastName":"Ghysels"},"Gender":"Onbekend","Residence":{"Place":"Alost, Mylbeeke, Langestraete"},"BirthPlace":{"Place":"Alost"},"Profession":"cultivateur","PersonRemark":{"@Key":"diversen","Value":"fils d'Antoine Ghysels, n\u00e9 \u00e0 Alost, et d'Isabelle Fraeyenhove, n\u00e9e \u00e0 Alost"}},{"@pid":"Person:7b530d4c-8775-10a6-d97b-76fea4ebb7d6","PersonName":{"PersonNameFirstName":"Charles","PersonNameLastName":"De Ruddere"},"Gender":"Onbekend"},{"@pid":"Person:296cd7c6-7f04-736e-4327-67c1e6db0cef","PersonName":{"PersonNameLastName":"de vader is de aangever"},"Gender":"Onbekend"},{"@pid":"Person:25bee9ce-e4cd-5ff3-e9ae-363199388caf","PersonName":{"PersonNameFirstName":"Marie Therese","PersonNameLastName":"Van de Perre"},"Gender":"Onbekend","BirthPlace":{"Place":"Hekelgem"},"PersonRemark":{"@Key":"diversen","Value":"fille de Francois Van de Perre, n\u00e9 \u00e0 Hekelgem, et de Catherine Van Nieuwenborg, n\u00e9e \u00e0 Hekelgem"}},{"@pid":"Person:f2792714-6cda-63a7-68b5-627348def44c","PersonName":{"PersonNameFirstName":"Pierre Jean","PersonNameLastName":"Ghysels"},"Gender":"Man","BirthDate":{"Year":"1817","Month":"2","Day":"6"}}],"Event":{"@eid":"Event1","EventType":"Geboorte","EventDate":{"Year":"1817","Month":"2","Day":"6"}},"RelationEP":[{"PersonKeyRef":"Person:95a81323-e63c-4760-4f2e-59af1918e0e8","EventKeyRef":"Event1","RelationType":"Getuige"},{"PersonKeyRef":"Person:f3ab45f1-61fb-ea75-1d15-cac3b957b4b3","EventKeyRef":"Event1","RelationType":"Getuige"},{"PersonKeyRef":"Person:05963061-362f-bc41-6a4b-80d897af619c","EventKeyRef":"Event1","RelationType":"Vader"},{"PersonKeyRef":"Person:7b530d4c-8775-10a6-d97b-76fea4ebb7d6","EventKeyRef":"Event1","RelationType":"other:Ambtenaar"},{"PersonKeyRef":"Person:296cd7c6-7f04-736e-4327-67c1e6db0cef","EventKeyRef":"Event1","RelationType":"other:Aangever"},{"PersonKeyRef":"Person:25bee9ce-e4cd-5ff3-e9ae-363199388caf","EventKeyRef":"Event1","RelationType":"Moeder"},{"PersonKeyRef":"Person:f2792714-6cda-63a7-68b5-627348def44c","EventKeyRef":"Event1","RelationType":"Kind"}],"Source":{"SourcePlace":{"Place":"Aalst"},"SourceIndexDate":{"From":"1817-02-06","To":"1817-02-06"},"SourceDate":{"Year":"1817","Month":"2","Day":"6"},"SourceType":"BS Geboorte","SourceReference":{"Place":"Aalst","InstitutionName":"Stadsarchief Aalst","Collection":"Bron: boek, Periode: 1817","Book":"Geboorteregister Aalst 1817","DocumentNumber":"44"},"SourceAvailableScans":{"Scan":{"OrderSequenceNumber":"1","Uri":"https:\/\/images.memorix.nl\/als\/thumb\/640x480\/7f00a98f-9b12-8683-0b61-7442fdf96538.jpg","UriViewer":"https:\/\/madeinaalst.be\/collecties\/genealogie\/personen-zoeken\/deeds\/64d34b8f-3bb7-e516-5ecf-6e093ed0de81","UriPreview":"https:\/\/images.memorix.nl\/als\/thumb\/250x250\/7f00a98f-9b12-8683-0b61-7442fdf96538.jpg"}},"SourceLastChangeDate":"2018-04-03","SourceDigitalOriginal":"https:\/\/madeinaalst.be\/collecties\/genealogie\/personen-zoeken\/deeds\/64d34b8f-3bb7-e516-5ecf-6e093ed0de81","RecordGUID":"{64d34b8f-3bb7-e516-5ecf-6e093ed0de81}","SourceRemark":[{"@Key":"Opmerking","Value":"Aangiftetijd: 11:30<br \/>Handtekeningen: 1<br \/>Kunnen niet schrijven: le p\u00e8re et les temoins"},{"@Key":"filename","Value":"ALS_G_1817_0015"},{"@Key":"Provenance","Value":"A2Acollection oai-pmh_20231215_1093_00001093.xml van AAL"}]}}